{"id":98625,"date":"2026-09-04T12:34:19","date_gmt":"2026-09-04T12:34:19","guid":{"rendered":"https:\/\/neutrale.al\/?p=98625"},"modified":"2026-09-04T12:34:19","modified_gmt":"2026-09-04T12:34:19","slug":"rama-i-pergjigjet-serish-demokrateve-evropiane-jo-kjo-eshte-nje-tjeter-pike-e-ulet","status":"publish","type":"post","link":"https:\/\/neutrale.al\/index.php\/2026\/09\/04\/rama-i-pergjigjet-serish-demokrateve-evropiane-jo-kjo-eshte-nje-tjeter-pike-e-ulet\/","title":{"rendered":"Rama i p\u00ebrgjigjet s\u00ebrish demokrat\u00ebve evropian\u00eb: Jo, kjo \u00ebsht\u00eb nj\u00eb tjet\u00ebr pik\u00eb e ul\u00ebt"},"content":{"rendered":"<p>Polemika mes Kryeministrit Edi Rama dhe demokrat\u00ebve evropian\u00eb vijon n\u00eb rrjetet sociale, pas p\u00ebrplasjes lidhur me kufizimin e disa llogarive t\u00eb opozit\u00ebs dhe aktivist\u00ebve n\u00eb platformat sociale.<\/p>\n<p>Pas reagimit t\u00eb Sekretarit t\u00eb P\u00ebrgjithsh\u00ebm t\u00eb Partis\u00eb Demokratike Evropiane (EDP), Sandro Gozi, ka ardhur edhe nj\u00eb tjet\u00ebr p\u00ebrgjigje nga kryeministri Rama.<\/p>\n<p>N\u00eb nj\u00eb status n\u00eb rrjetin social X, Rama kund\u00ebrshton deklaratat e demokrat\u00ebve evropian\u00eb dhe ve\u00e7on at\u00eb q\u00eb e cil\u00ebson si nj\u00eb \u201caludim t\u00eb paturpsh\u00ebm vizual\u201d.<\/p>\n<p>\u201cJo, kjo \u00ebsht\u00eb nj\u00eb tjet\u00ebr pik\u00eb e ul\u00ebt. Ajo q\u00eb e urreva ishte aludimi juaj i paturpsh\u00ebm vizual, dhe fakti q\u00eb refuzoni ta trajtoni k\u00ebt\u00eb tregon sakt\u00ebsisht se \u00e7far\u00eb lloj demokrat\u00ebsh jeni. M\u00eb vjen keq!\u201d, shkruan Rama.<\/p>\n<p>Reagimi i kryeministrit vjen pasi Gozi iu p\u00ebrgjigj publikisht Ram\u00ebs, duke mohuar se EDP kishte akuzuar qeverin\u00eb shqiptare p\u00ebr pezullimin e llogarive n\u00eb rrjetet sociale.<\/p>\n<p>Gozi deklaroi se demokrat\u00ebt evropian\u00eb kishin k\u00ebrkuar transparenc\u00eb nga Meta dhe shqyrtimin e situat\u00ebs nga Komisioni Evropian, duke theksuar se shqet\u00ebsimi i tyre lidhej me kufizimin ose \u00e7aktivizimin e nj\u00eb numri llogarish t\u00eb opozit\u00ebs dhe aktivist\u00ebve.<\/p>\n<p>\u201cKryeminist\u00ebr Edi Rama, fyerjet nuk u japin p\u00ebrgjigje pyetjeve\u201d, shkroi Gozi n\u00eb reagimin e tij t\u00eb publikuar nj\u00eb dit\u00eb m\u00eb par\u00eb.<\/p>\n<p>Sekretari i P\u00ebrgjithsh\u00ebm i EDP-s\u00eb theksoi gjithashtu se k\u00ebrkimi i sqarimeve nuk mund t\u00eb konsiderohet \u201cagjitacion\u201d dhe se demokrat\u00ebt evropian\u00eb do t\u00eb vijojn\u00eb t\u00eb mbrojn\u00eb pluralizmin politik dhe lirin\u00eb e shprehjes.<\/p>\n<p>N\u00eb p\u00ebrplasjen publike, Rama ka mohuar kategorikisht \u00e7do p\u00ebrfshirje t\u00eb qeveris\u00eb shqiptare n\u00eb kufizimin e llogarive, duke argumentuar se institucionet shqiptare nuk kan\u00eb as lidhje dhe as kapacitet teknik p\u00ebr t\u00eb nd\u00ebrhyr\u00eb n\u00eb platformat sociale.<\/p>\n<p>Kryeministri ka akuzuar m\u00eb her\u00ebt kritik\u00ebt p\u00ebr propagand\u00eb dhe ka hedhur dyshime se situata mund t\u00eb jet\u00eb e lidhur me \u201ct\u00eb nj\u00ebjtat burime dashakeqe\u201d q\u00eb, sipas tij, nxit\u00ebn edhe t\u00eb ashtuquajturin \u201cRevolucion Flamingo\u201d.<\/p>\n<p>P\u00ebrplasja mes Ram\u00ebs dhe demokrat\u00ebve evropian\u00eb vijon k\u00ebshtu n\u00eb distanc\u00eb, me pal\u00ebt q\u00eb mbajn\u00eb q\u00ebndrime t\u00eb kund\u00ebrta mbi \u00e7\u00ebshtjen e llogarive t\u00eb kufizuara n\u00eb rrjetet sociale dhe mbi m\u00ebnyr\u00ebn se si duhet trajtuar publikisht kjo \u00e7\u00ebshtje.<\/p>\n","protected":false},"excerpt":{"rendered":"<p>Polemika mes Kryeministrit Edi Rama dhe demokrat\u00ebve evropian\u00eb vijon n\u00eb rrjetet sociale, pas p\u00ebrplasjes lidhur me kufizimin e disa llogarive t\u00eb opozit\u00ebs dhe aktivist\u00ebve n\u00eb platformat sociale. Pas reagimit t\u00eb Sekretarit t\u00eb P\u00ebrgjithsh\u00ebm t\u00eb Partis\u00eb Demokratike Evropiane (EDP), Sandro Gozi, ka ardhur edhe nj\u00eb tjet\u00ebr p\u00ebrgjigje nga kryeministri Rama. N\u00eb nj\u00eb status n\u00eb rrjetin social [&hellip;]<\/p>\n","protected":false},"author":2,"featured_media":98626,"comment_status":"open","ping_status":"open","sticky":false,"template":"","format":"standard","meta":{"footnotes":""},"categories":[118,9],"tags":[],"class_list":{"0":"post-98625","1":"post","2":"type-post","3":"status-publish","4":"format-standard","5":"has-post-thumbnail","7":"category-kryesore","8":"category-politika"},"_links":{"self":[{"href":"https:\/\/neutrale.al\/index.php\/wp-json\/wp\/v2\/posts\/98625","targetHints":{"allow":["GET"]}}],"collection":[{"href":"https:\/\/neutrale.al\/index.php\/wp-json\/wp\/v2\/posts"}],"about":[{"href":"https:\/\/neutrale.al\/index.php\/wp-json\/wp\/v2\/types\/post"}],"author":[{"embeddable":true,"href":"https:\/\/neutrale.al\/index.php\/wp-json\/wp\/v2\/users\/2"}],"replies":[{"embeddable":true,"href":"https:\/\/neutrale.al\/index.php\/wp-json\/wp\/v2\/comments?post=98625"}],"version-history":[{"count":1,"href":"https:\/\/neutrale.al\/index.php\/wp-json\/wp\/v2\/posts\/98625\/revisions"}],"predecessor-version":[{"id":98627,"href":"https:\/\/neutrale.al\/index.php\/wp-json\/wp\/v2\/posts\/98625\/revisions\/98627"}],"wp:featuredmedia":[{"embeddable":true,"href":"https:\/\/neutrale.al\/index.php\/wp-json\/wp\/v2\/media\/98626"}],"wp:attachment":[{"href":"https:\/\/neutrale.al\/index.php\/wp-json\/wp\/v2\/media?parent=98625"}],"wp:term":[{"taxonomy":"category","embeddable":true,"href":"https:\/\/neutrale.al\/index.php\/wp-json\/wp\/v2\/categories?post=98625"},{"taxonomy":"post_tag","embeddable":true,"href":"https:\/\/neutrale.al\/index.php\/wp-json\/wp\/v2\/tags?post=98625"}],"curies":[{"name":"wp","href":"https:\/\/api.w.org\/{rel}","templated":true}]}}