{"id":98616,"date":"2026-09-04T10:19:11","date_gmt":"2026-09-04T10:19:11","guid":{"rendered":"https:\/\/neutrale.al\/?p=98616"},"modified":"2026-09-04T10:19:47","modified_gmt":"2026-09-04T10:19:47","slug":"dr-ilir-allkja-ate-qe-nuk-e-bene-dot-disa-kabinete-qeveritare-te-rames-do-ta-beje-pasqyra","status":"publish","type":"post","link":"https:\/\/neutrale.al\/index.php\/2026\/09\/04\/dr-ilir-allkja-ate-qe-nuk-e-bene-dot-disa-kabinete-qeveritare-te-rames-do-ta-beje-pasqyra\/","title":{"rendered":"Dr.Ilir Allkja\/ At\u00eb q\u00eb nuk e b\u00ebn\u00eb dot disa kabinete qeveritare t\u00eb Ram\u00ebs, do ta b\u00ebj\u00eb &#8220;Pasqyra&#8221;!?"},"content":{"rendered":"<p>\u200bNd\u00ebrtimi i platformave alternative p\u00ebr t\u00eb zgjidhur problemet e korrupsionit apo burokracis\u00eb mund t\u00eb duket si nj\u00eb zgjidhje e shpejt\u00eb p\u00ebr qytetarin e lodhur, por shtron nj\u00eb pyetje thelb\u00ebsore:<br \/>\n&#8211; \u00c7far\u00eb po i b\u00ebjm\u00eb konceptit t\u00eb shtetit ligjor?<\/p>\n<p>\u200bKur platformat personale t\u00eb kryeministrit, jo kushtetuese  z\u00ebvend\u00ebsojn\u00eb institucionet, gjykatat dhe administrat\u00ebn e rregullt, mesazhi q\u00eb p\u00ebrcillet \u00ebsht\u00eb i rreziksh\u00ebm: se institucionet ligjore nuk funksionojn\u00eb dhe as q\u00eb ka nd\u00ebrmend kush t\u2019i rregulloj\u00eb.<\/p>\n<p>\u200bN\u00ebse funksionet e shtetit anashkalohen te &#8220;pasqyrat&#8221; e radh\u00ebs, a po nd\u00ebrtojm\u00eb me t\u00eb v\u00ebrtet\u00eb nj\u00eb sistem q\u00eb q\u00ebndron mbi k\u00ebmb\u00ebt e veta, apo po ushqejm\u00eb bindjen se k\u00ebtu ligji dhe rregulli jan\u00eb opsionale?<\/p>\n<p>\u200bUn\u00eb besoj se me k\u00ebt\u00eb goditje tjet\u00ebr ndaj besimit te shteti ligjor, Rama k\u00ebrkon t\u00eb shkund\u00eb e t\u00eb p\u00ebrzer\u00eb nga vendi edhe ata shqiptar\u00eb q\u00eb ende nuk kan\u00eb vendosur t\u00eb shkojn\u00eb n\u00eb ekzil!<\/p>\n<p><img loading=\"lazy\" loading=\"lazy\" decoding=\"async\" src=\"https:\/\/neutrale.al\/wp-content\/uploads\/2026\/09\/401c4fbb-14a9-4a17-9510-5792ec964fd6-300x268.jpeg\" alt=\"\" width=\"300\" height=\"268\" class=\"alignnone size-medium wp-image-98619\" srcset=\"https:\/\/neutrale.al\/wp-content\/uploads\/2026\/09\/401c4fbb-14a9-4a17-9510-5792ec964fd6-300x268.jpeg 300w, https:\/\/neutrale.al\/wp-content\/uploads\/2026\/09\/401c4fbb-14a9-4a17-9510-5792ec964fd6-1024x915.jpeg 1024w, https:\/\/neutrale.al\/wp-content\/uploads\/2026\/09\/401c4fbb-14a9-4a17-9510-5792ec964fd6-768x686.jpeg 768w, https:\/\/neutrale.al\/wp-content\/uploads\/2026\/09\/401c4fbb-14a9-4a17-9510-5792ec964fd6-860x769.jpeg 860w, https:\/\/neutrale.al\/wp-content\/uploads\/2026\/09\/401c4fbb-14a9-4a17-9510-5792ec964fd6.jpeg 1092w\" sizes=\"auto, (max-width: 300px) 100vw, 300px\" \/><\/p>\n<p>\u200b<\/p>\n","protected":false},"excerpt":{"rendered":"<p>\u200bNd\u00ebrtimi i platformave alternative p\u00ebr t\u00eb zgjidhur problemet e korrupsionit apo burokracis\u00eb mund t\u00eb duket si nj\u00eb zgjidhje e shpejt\u00eb p\u00ebr qytetarin e lodhur, por shtron nj\u00eb pyetje thelb\u00ebsore: &#8211; \u00c7far\u00eb po i b\u00ebjm\u00eb konceptit t\u00eb shtetit ligjor? \u200bKur platformat personale t\u00eb kryeministrit, jo kushtetuese z\u00ebvend\u00ebsojn\u00eb institucionet, gjykatat dhe administrat\u00ebn e rregullt, mesazhi q\u00eb p\u00ebrcillet [&hellip;]<\/p>\n","protected":false},"author":2,"featured_media":98617,"comment_status":"open","ping_status":"open","sticky":false,"template":"","format":"standard","meta":{"footnotes":""},"categories":[1],"tags":[],"class_list":{"0":"post-98616","1":"post","2":"type-post","3":"status-publish","4":"format-standard","5":"has-post-thumbnail","7":"category-te-tjera"},"_links":{"self":[{"href":"https:\/\/neutrale.al\/index.php\/wp-json\/wp\/v2\/posts\/98616","targetHints":{"allow":["GET"]}}],"collection":[{"href":"https:\/\/neutrale.al\/index.php\/wp-json\/wp\/v2\/posts"}],"about":[{"href":"https:\/\/neutrale.al\/index.php\/wp-json\/wp\/v2\/types\/post"}],"author":[{"embeddable":true,"href":"https:\/\/neutrale.al\/index.php\/wp-json\/wp\/v2\/users\/2"}],"replies":[{"embeddable":true,"href":"https:\/\/neutrale.al\/index.php\/wp-json\/wp\/v2\/comments?post=98616"}],"version-history":[{"count":2,"href":"https:\/\/neutrale.al\/index.php\/wp-json\/wp\/v2\/posts\/98616\/revisions"}],"predecessor-version":[{"id":98620,"href":"https:\/\/neutrale.al\/index.php\/wp-json\/wp\/v2\/posts\/98616\/revisions\/98620"}],"wp:featuredmedia":[{"embeddable":true,"href":"https:\/\/neutrale.al\/index.php\/wp-json\/wp\/v2\/media\/98617"}],"wp:attachment":[{"href":"https:\/\/neutrale.al\/index.php\/wp-json\/wp\/v2\/media?parent=98616"}],"wp:term":[{"taxonomy":"category","embeddable":true,"href":"https:\/\/neutrale.al\/index.php\/wp-json\/wp\/v2\/categories?post=98616"},{"taxonomy":"post_tag","embeddable":true,"href":"https:\/\/neutrale.al\/index.php\/wp-json\/wp\/v2\/tags?post=98616"}],"curies":[{"name":"wp","href":"https:\/\/api.w.org\/{rel}","templated":true}]}}