{"id":98604,"date":"2026-09-03T11:15:59","date_gmt":"2026-09-03T11:15:59","guid":{"rendered":"https:\/\/neutrale.al\/?p=98604"},"modified":"2026-09-03T11:15:59","modified_gmt":"2026-09-03T11:15:59","slug":"rama-deputeteve-po-futet-ne-pune-njerez-nepermjet-whatsapit-do-hyni-ne-burg-per-veper-penale","status":"publish","type":"post","link":"https:\/\/neutrale.al\/index.php\/2026\/09\/03\/rama-deputeteve-po-futet-ne-pune-njerez-nepermjet-whatsapit-do-hyni-ne-burg-per-veper-penale\/","title":{"rendered":"Rama deputet\u00ebve: Po fut\u00ebt n\u00eb pun\u00eb njer\u00ebz n\u00ebp\u00ebrmjet whatsapit, do hyni n\u00eb burg p\u00ebr vep\u00ebr penale"},"content":{"rendered":"<p>\u00c7do mesazh i \u00e7uar: \u201cFute k\u00ebt\u00eb\u201d, \u201cshife at\u00eb\u201d, t\u00eb konsiderohet vep\u00ebr penale. Nj\u00eb deputet q\u00eb b\u00ebn k\u00ebt\u00eb nuk \u00ebsht\u00eb i denj\u00eb p\u00ebr t\u00eb p\u00ebrfaq\u00ebsuar ata t\u00eb tjer\u00ebt q\u00eb nuk kan\u00eb akses, q\u00eb nuk jan\u00eb pjes\u00eb e rrethit t\u00eb tarafit t\u00eb tij apo shok\u00eb t\u00eb f\u00ebmij\u00ebve. Vep\u00ebr penale. Shkalla e merit\u00ebs duhet t\u00eb krijoj\u00eb nj\u00eb arkitektur\u00eb t\u00eb qart\u00eb.<\/p>\n<p>Grada t\u00eb b\u00ebhet pasuri profesionale e njeriut, jo pron\u00eb e postit q\u00eb mban sot apo e qeveris\u00eb q\u00eb vjen nes\u00ebr. N\u00eb anketimin e administrat\u00ebs publike ka nj\u00eb t\u00eb dh\u00ebn\u00eb q\u00eb duhet t\u2019ju mbetet t\u00eb gjith\u00ebve sot\u201d.<\/p>\n<p>K\u00ebshtu deklaroi sot Kryeministri Edi Rama n\u00eb mbledhjen me grupin dhe kabinetin duke propozuar q\u00eb nd\u00ebrhyrjet e deputet\u00ebve p\u00ebr pun\u00ebsime n\u00eb administrat\u00eb t\u00eb konsiderohen vep\u00ebr penale. Sipas tij, pun\u00ebsimi dhe ngritja n\u00eb detyr\u00eb duhet t\u00eb bazohen te merita dhe jo te lidhjet politike apo personale<\/p>\n","protected":false},"excerpt":{"rendered":"<p>\u00c7do mesazh i \u00e7uar: \u201cFute k\u00ebt\u00eb\u201d, \u201cshife at\u00eb\u201d, t\u00eb konsiderohet vep\u00ebr penale. Nj\u00eb deputet q\u00eb b\u00ebn k\u00ebt\u00eb nuk \u00ebsht\u00eb i denj\u00eb p\u00ebr t\u00eb p\u00ebrfaq\u00ebsuar ata t\u00eb tjer\u00ebt q\u00eb nuk kan\u00eb akses, q\u00eb nuk jan\u00eb pjes\u00eb e rrethit t\u00eb tarafit t\u00eb tij apo shok\u00eb t\u00eb f\u00ebmij\u00ebve. Vep\u00ebr penale. Shkalla e merit\u00ebs duhet t\u00eb krijoj\u00eb nj\u00eb arkitektur\u00eb [&hellip;]<\/p>\n","protected":false},"author":2,"featured_media":98605,"comment_status":"open","ping_status":"open","sticky":false,"template":"","format":"standard","meta":{"footnotes":""},"categories":[118],"tags":[],"class_list":{"0":"post-98604","1":"post","2":"type-post","3":"status-publish","4":"format-standard","5":"has-post-thumbnail","7":"category-kryesore"},"_links":{"self":[{"href":"https:\/\/neutrale.al\/index.php\/wp-json\/wp\/v2\/posts\/98604","targetHints":{"allow":["GET"]}}],"collection":[{"href":"https:\/\/neutrale.al\/index.php\/wp-json\/wp\/v2\/posts"}],"about":[{"href":"https:\/\/neutrale.al\/index.php\/wp-json\/wp\/v2\/types\/post"}],"author":[{"embeddable":true,"href":"https:\/\/neutrale.al\/index.php\/wp-json\/wp\/v2\/users\/2"}],"replies":[{"embeddable":true,"href":"https:\/\/neutrale.al\/index.php\/wp-json\/wp\/v2\/comments?post=98604"}],"version-history":[{"count":1,"href":"https:\/\/neutrale.al\/index.php\/wp-json\/wp\/v2\/posts\/98604\/revisions"}],"predecessor-version":[{"id":98606,"href":"https:\/\/neutrale.al\/index.php\/wp-json\/wp\/v2\/posts\/98604\/revisions\/98606"}],"wp:featuredmedia":[{"embeddable":true,"href":"https:\/\/neutrale.al\/index.php\/wp-json\/wp\/v2\/media\/98605"}],"wp:attachment":[{"href":"https:\/\/neutrale.al\/index.php\/wp-json\/wp\/v2\/media?parent=98604"}],"wp:term":[{"taxonomy":"category","embeddable":true,"href":"https:\/\/neutrale.al\/index.php\/wp-json\/wp\/v2\/categories?post=98604"},{"taxonomy":"post_tag","embeddable":true,"href":"https:\/\/neutrale.al\/index.php\/wp-json\/wp\/v2\/tags?post=98604"}],"curies":[{"name":"wp","href":"https:\/\/api.w.org\/{rel}","templated":true}]}}