{"id":98597,"date":"2026-09-02T11:52:10","date_gmt":"2026-09-02T11:52:10","guid":{"rendered":"https:\/\/neutrale.al\/?p=98597"},"modified":"2026-09-02T11:52:10","modified_gmt":"2026-09-02T11:52:10","slug":"protesta-e-mbremjes-se-djeshme-14-qytetare-te-arrestuar","status":"publish","type":"post","link":"https:\/\/neutrale.al\/index.php\/2026\/09\/02\/protesta-e-mbremjes-se-djeshme-14-qytetare-te-arrestuar\/","title":{"rendered":"Protesta e mbr\u00ebmjes s\u00eb djeshme, 14 qytetar\u00eb t\u00eb arrestuar"},"content":{"rendered":"<p>Njoftimi nga Policia e Shtetit:<br \/>\nTiran\u00eb\/Kund\u00ebrshtuan me forc\u00eb punonj\u00ebsit e Policis\u00eb dhe bllokuan hyrje-daljet e Kryeministris\u00eb, n\u00eb koh\u00ebn kur n\u00eb k\u00ebt\u00eb institucion t\u00eb r\u00ebnd\u00ebsis\u00eb s\u00eb ve\u00e7ant\u00eb ndodheshin personalitete t\u00eb larta shtet\u00ebrore, arrestohen 14 shtetas dhe procedohen penalisht 3 t\u00eb tjer\u00eb.<\/p>\n<p>N\u00eb vijim t\u00eb veprimeve hetimore dhe procedurale t\u00eb kryera nga strukturat e Drejtoris\u00eb Vendore t\u00eb Policis\u00eb Tiran\u00eb, n\u00eb lidhje me tubimin e zhvilluar m\u00eb dat\u00eb 01.09.2026, pran\u00eb Kryeministris\u00eb:<\/p>\n<p>-u arrestuan n\u00eb flagranc\u00eb shtetasit: D. G., 50 vje\u00e7; J. M., 38 vje\u00e7; E. L., 28 vje\u00e7; E. A., 35 vje\u00e7; S. B., 50 vje\u00e7; L. Gj., 47 vje\u00e7; V. Sh., 52 vje\u00e7; F. M., 22 vje\u00e7; D. A., 29 vje\u00e7; B. M., 34 vje\u00e7e; A. Ll., 28 vje\u00e7e; Y. B., 38 vje\u00e7; A. K., 46 vje\u00e7 dhe A. D., 30 vje\u00e7;<\/p>\n<p>-u referuan materialet n\u00eb Prokurori, ku nisi procedimi n\u00eb gjendje t\u00eb lir\u00eb p\u00ebr shtetasit M. J., 47 vje\u00e7; A. T., 54 vje\u00e7 dhe A. G., 56 vje\u00e7.<\/p>\n<p>M\u00eb dat\u00eb 01.09.2026, rreth or\u00ebs 20:00, nj\u00eb grup pjes\u00ebmarr\u00ebsish n\u00eb tubim u grumbulluan n\u00eb rrug\u00ebn \u201cIsmail Qemali\u201d, n\u00eb an\u00ebn jugore t\u00eb Kryeministris\u00eb, ku bllokuan hyrje-daljet n\u00eb ambientet e k\u00ebtij institucioni, n\u00eb koh\u00ebn kur aty ndodheshin personalitete t\u00eb larta shtet\u00ebrore. Sh\u00ebrbimet e Drejtoris\u00eb Vendore t\u00eb Policis\u00eb Tiran\u00eb krijuan nj\u00eb kordon sigurie, me q\u00ebllim moslejimin e dep\u00ebrtimit t\u00eb m\u00ebtejsh\u00ebm brenda perimetrit t\u00eb siguris\u00eb.<\/p>\n<p>Tubuesit vijuan q\u00ebndrimin n\u00eb rrug\u00ebn \u201cIsmail Qemali\u201d, p\u00ebrpara hyrjes s\u00eb Kryeministris\u00eb, pavar\u00ebsisht thirrjeve t\u00eb vazhdueshme t\u00eb punonj\u00ebsve t\u00eb Policis\u00eb, p\u00ebr rreth 30 minuta, n\u00ebp\u00ebrmjet megafonit, p\u00ebr shp\u00ebrndarjen e tubimit dhe lirimin e rrug\u00ebs.<\/p>\n<p>Gjithashtu, sh\u00ebrbimet e Policis\u00eb, n\u00ebp\u00ebrmjet megafonit, u b\u00ebn\u00eb t\u00eb ditur pjes\u00ebmarr\u00ebsve n\u00eb tubim se veprimet e tyre ishin n\u00eb kund\u00ebrshtim me ligjin, n\u00eb cenim t\u00eb rendit dhe qet\u00ebsis\u00eb publike, si dhe t\u00eb perimetrit t\u00eb siguris\u00eb s\u00eb institucionit t\u00eb r\u00ebnd\u00ebsis\u00eb s\u00eb ve\u00e7ant\u00eb. Gjithashtu, iu b\u00eb e ditur se, si pasoj\u00eb e tubimit, ishte penguar qarkullimi i mjeteve t\u00eb transportit dhe l\u00ebvizja e lir\u00eb e personaliteteve t\u00eb larta shtet\u00ebrore.<\/p>\n<p>Pavar\u00ebsisht thirrjeve t\u00eb Policis\u00eb, tubuesit vijuan me thirrje dhe veprime aktive p\u00ebr kund\u00ebrshtimin me forc\u00eb t\u00eb punonj\u00ebsve t\u00eb Policis\u00eb t\u00eb plan\u00ebzuar n\u00eb kordonin e siguris\u00eb.<\/p>\n<p>N\u00eb momentin q\u00eb punonj\u00ebsit e Policis\u00eb po kryenin zhvendosjen e tubuesve, me q\u00ebllim lirimin e hyrje-daljeve t\u00eb Kryeministris\u00eb dhe lirimin e rrug\u00ebs, tubuesit b\u00ebn\u00eb rezistenc\u00eb aktive, u ul\u00ebn n\u00eb rrug\u00eb, vijuan bllokimin e hyrjes s\u00eb institucionit dhe t\u00eb rrug\u00ebs, si dhe godit\u00ebn dhe shtyn\u00eb punonj\u00ebsit e Policis\u00eb.<\/p>\n<p>Materialet procedurale u referuan n\u00eb Prokurorin\u00eb pran\u00eb Gjykat\u00ebs s\u00eb Shkall\u00ebs s\u00eb Par\u00eb t\u00eb Juridiksionit t\u00eb P\u00ebrgjithsh\u00ebm Tiran\u00eb, p\u00ebr veprime t\u00eb m\u00ebtejshme, p\u00ebr veprat penale \u201cOrganizimi dhe pjes\u00ebmarrja n\u00eb grumbullime e manifestime t\u00eb paligjshme\u201d, \u201cKund\u00ebrshtimi i punonj\u00ebsit t\u00eb policis\u00eb s\u00eb rendit publik\u201d, \u201cPrishja e qet\u00ebsis\u00eb publike\u201d dhe \u201cPengimi i qarkullimit t\u00eb mjeteve t\u00eb transportit\u201d.<\/p>\n","protected":false},"excerpt":{"rendered":"<p>Njoftimi nga Policia e Shtetit: Tiran\u00eb\/Kund\u00ebrshtuan me forc\u00eb punonj\u00ebsit e Policis\u00eb dhe bllokuan hyrje-daljet e Kryeministris\u00eb, n\u00eb koh\u00ebn kur n\u00eb k\u00ebt\u00eb institucion t\u00eb r\u00ebnd\u00ebsis\u00eb s\u00eb ve\u00e7ant\u00eb ndodheshin personalitete t\u00eb larta shtet\u00ebrore, arrestohen 14 shtetas dhe procedohen penalisht 3 t\u00eb tjer\u00eb. N\u00eb vijim t\u00eb veprimeve hetimore dhe procedurale t\u00eb kryera nga strukturat e Drejtoris\u00eb Vendore t\u00eb [&hellip;]<\/p>\n","protected":false},"author":2,"featured_media":98598,"comment_status":"open","ping_status":"open","sticky":false,"template":"","format":"standard","meta":{"footnotes":""},"categories":[118],"tags":[],"class_list":{"0":"post-98597","1":"post","2":"type-post","3":"status-publish","4":"format-standard","5":"has-post-thumbnail","7":"category-kryesore"},"_links":{"self":[{"href":"https:\/\/neutrale.al\/index.php\/wp-json\/wp\/v2\/posts\/98597","targetHints":{"allow":["GET"]}}],"collection":[{"href":"https:\/\/neutrale.al\/index.php\/wp-json\/wp\/v2\/posts"}],"about":[{"href":"https:\/\/neutrale.al\/index.php\/wp-json\/wp\/v2\/types\/post"}],"author":[{"embeddable":true,"href":"https:\/\/neutrale.al\/index.php\/wp-json\/wp\/v2\/users\/2"}],"replies":[{"embeddable":true,"href":"https:\/\/neutrale.al\/index.php\/wp-json\/wp\/v2\/comments?post=98597"}],"version-history":[{"count":1,"href":"https:\/\/neutrale.al\/index.php\/wp-json\/wp\/v2\/posts\/98597\/revisions"}],"predecessor-version":[{"id":98599,"href":"https:\/\/neutrale.al\/index.php\/wp-json\/wp\/v2\/posts\/98597\/revisions\/98599"}],"wp:featuredmedia":[{"embeddable":true,"href":"https:\/\/neutrale.al\/index.php\/wp-json\/wp\/v2\/media\/98598"}],"wp:attachment":[{"href":"https:\/\/neutrale.al\/index.php\/wp-json\/wp\/v2\/media?parent=98597"}],"wp:term":[{"taxonomy":"category","embeddable":true,"href":"https:\/\/neutrale.al\/index.php\/wp-json\/wp\/v2\/categories?post=98597"},{"taxonomy":"post_tag","embeddable":true,"href":"https:\/\/neutrale.al\/index.php\/wp-json\/wp\/v2\/tags?post=98597"}],"curies":[{"name":"wp","href":"https:\/\/api.w.org\/{rel}","templated":true}]}}