{"id":98580,"date":"2026-08-31T21:16:20","date_gmt":"2026-08-31T21:16:20","guid":{"rendered":"https:\/\/neutrale.al\/?p=98580"},"modified":"2026-08-31T21:16:52","modified_gmt":"2026-08-31T21:16:52","slug":"kaos-institucional-ne-bashkine-tirane-ilda-zhulali-kerkon-mbledhje-urgjente-te-keshillit-bashkiak","status":"publish","type":"post","link":"https:\/\/neutrale.al\/index.php\/2026\/08\/31\/kaos-institucional-ne-bashkine-tirane-ilda-zhulali-kerkon-mbledhje-urgjente-te-keshillit-bashkiak\/","title":{"rendered":"Kaos institucional n\u00eb Bashkin\u00eb Tiran\u00eb\/ Ilda Zhulali k\u00ebrkon mbledhje urgjente t\u00eb K\u00ebshillit Bashkiak"},"content":{"rendered":"<p>Nga Ilda Zhulali<\/p>\n<p>Kam k\u00ebrkuar sot mbledhjen urgjente t\u00eb K\u00ebshillit Bashkiak Tiran\u00eb, p\u00ebr t\u00eb diskutuar mbi kaosin institucional n\u00eb krye t\u00eb Bashkis\u00eb Tiran\u00eb, dhe kriz\u00ebn e paralajm\u00ebruar t\u00eb transportit publik urban.<\/p>\n<p>Bashkia e Tiran\u00ebs nuk ka m\u00eb nj\u00eb drejtues n\u00eb detyr\u00eb. Ka nj\u00eb hije pushteti q\u00eb flet nga hekurat, dhe nj\u00eb godin\u00eb q\u00eb hesht.<\/p>\n<p>E kemi par\u00eb tashm\u00eb k\u00ebt\u00eb skenar disa muaj m\u00eb par\u00eb kur nga e nj\u00ebjta qeli u shkarkua Ristani dhe u em\u00ebrua Goxhaj. Nuk pati kurr\u00eb nj\u00eb sqarim zyrtar se \u00e7far\u00eb ndodhi me ato dy shkresa t\u00eb firmosura e t\u00eb protokolluara. Tani po p\u00ebrs\u00ebritet i nj\u00ebjti skenar, sikur t\u00eb ishte normale q\u00eb kryeqyteti i vendit t\u00eb mbetet peng i dikujt q\u00eb k\u00ebrkon me \u00e7do kusht t\u00eb blej\u00eb daljen nga qelia.<\/p>\n<p>Prandaj pyes se kush ka sot p\u00ebrgjegj\u00ebsin\u00eb ligjore t\u00eb firmos\u00eb n\u00eb em\u00ebr t\u00eb Bashkis\u00eb, dhe t\u00eb menaxhoj\u00eb nj\u00eb superbuxhet q\u00eb mblidhet nga taksat tona. Sepse n\u00ebse k\u00ebt\u00eb nuk e di as K\u00ebshilli Bashkiak, at\u00ebher\u00eb nuk e di askush.<\/p>\n<p>Aq m\u00eb keq, tashm\u00eb q\u00eb operator\u00ebt e transportit publik kan\u00eb paralajm\u00ebruar se do t\u00eb ulin numrin e autobus\u00ebve n\u00eb qarkullim duke nisur nga nes\u00ebr! K\u00ebrkova t\u00eb di kush po flet sot me ta n\u00eb em\u00ebr t\u00eb bashkis\u00eb, dhe \u00e7far\u00eb po b\u00ebhet p\u00ebr t\u00eb shmangur k\u00ebt\u00eb kriz\u00eb p\u00ebrpara se ta ndiejn\u00eb mij\u00ebra njer\u00ebz n\u00eb l\u00ebkur\u00ebn e tyre nes\u00ebr n\u00eb m\u00ebngjes n\u00eb stacion.<\/p>\n<p>Kam k\u00ebrkuar nj\u00eb seanc\u00eb urgjente t\u00eb K\u00ebshillit Bashkiak, dhe p\u00ebrgjigje e dokumentacion zyrtar. Sepse Tirana s\u2019mund t\u00eb drejtohet me shkresa t\u00eb trafikuara nga burgu, nd\u00ebrkoh\u00eb q\u00eb qyteti l\u00ebngon. Qytetar\u00ebt duhet ta din\u00eb kush i drejton, dhe duhet ta m\u00ebsojn\u00eb tani!<\/p>\n<p><img loading=\"lazy\" loading=\"lazy\" decoding=\"async\" src=\"https:\/\/neutrale.al\/wp-content\/uploads\/2026\/08\/7065588f-d45e-4499-b501-75e4b0c5592d-173x300.jpeg\" alt=\"\" width=\"173\" height=\"300\" class=\"alignnone size-medium wp-image-98583\" srcset=\"https:\/\/neutrale.al\/wp-content\/uploads\/2026\/08\/7065588f-d45e-4499-b501-75e4b0c5592d-173x300.jpeg 173w, https:\/\/neutrale.al\/wp-content\/uploads\/2026\/08\/7065588f-d45e-4499-b501-75e4b0c5592d-589x1024.jpeg 589w, https:\/\/neutrale.al\/wp-content\/uploads\/2026\/08\/7065588f-d45e-4499-b501-75e4b0c5592d-768x1334.jpeg 768w, https:\/\/neutrale.al\/wp-content\/uploads\/2026\/08\/7065588f-d45e-4499-b501-75e4b0c5592d-884x1536.jpeg 884w, https:\/\/neutrale.al\/wp-content\/uploads\/2026\/08\/7065588f-d45e-4499-b501-75e4b0c5592d-860x1494.jpeg 860w, https:\/\/neutrale.al\/wp-content\/uploads\/2026\/08\/7065588f-d45e-4499-b501-75e4b0c5592d.jpeg 921w\" sizes=\"auto, (max-width: 173px) 100vw, 173px\" \/><\/p>\n<p><img loading=\"lazy\" loading=\"lazy\" decoding=\"async\" src=\"https:\/\/neutrale.al\/wp-content\/uploads\/2026\/08\/62fd9a2d-4838-43cf-8d46-258022da1108-186x300.jpeg\" alt=\"\" width=\"186\" height=\"300\" class=\"alignnone size-medium wp-image-98584\" srcset=\"https:\/\/neutrale.al\/wp-content\/uploads\/2026\/08\/62fd9a2d-4838-43cf-8d46-258022da1108-186x300.jpeg 186w, https:\/\/neutrale.al\/wp-content\/uploads\/2026\/08\/62fd9a2d-4838-43cf-8d46-258022da1108-636x1024.jpeg 636w, https:\/\/neutrale.al\/wp-content\/uploads\/2026\/08\/62fd9a2d-4838-43cf-8d46-258022da1108-768x1237.jpeg 768w, https:\/\/neutrale.al\/wp-content\/uploads\/2026\/08\/62fd9a2d-4838-43cf-8d46-258022da1108-953x1536.jpeg 953w, https:\/\/neutrale.al\/wp-content\/uploads\/2026\/08\/62fd9a2d-4838-43cf-8d46-258022da1108-860x1386.jpeg 860w, https:\/\/neutrale.al\/wp-content\/uploads\/2026\/08\/62fd9a2d-4838-43cf-8d46-258022da1108.jpeg 993w\" sizes=\"auto, (max-width: 186px) 100vw, 186px\" \/><\/p>\n","protected":false},"excerpt":{"rendered":"<p>Nga Ilda Zhulali Kam k\u00ebrkuar sot mbledhjen urgjente t\u00eb K\u00ebshillit Bashkiak Tiran\u00eb, p\u00ebr t\u00eb diskutuar mbi kaosin institucional n\u00eb krye t\u00eb Bashkis\u00eb Tiran\u00eb, dhe kriz\u00ebn e paralajm\u00ebruar t\u00eb transportit publik urban. Bashkia e Tiran\u00ebs nuk ka m\u00eb nj\u00eb drejtues n\u00eb detyr\u00eb. Ka nj\u00eb hije pushteti q\u00eb flet nga hekurat, dhe nj\u00eb godin\u00eb q\u00eb hesht. E [&hellip;]<\/p>\n","protected":false},"author":2,"featured_media":98581,"comment_status":"open","ping_status":"open","sticky":false,"template":"","format":"standard","meta":{"footnotes":""},"categories":[118,9],"tags":[],"class_list":{"0":"post-98580","1":"post","2":"type-post","3":"status-publish","4":"format-standard","5":"has-post-thumbnail","7":"category-kryesore","8":"category-politika"},"_links":{"self":[{"href":"https:\/\/neutrale.al\/index.php\/wp-json\/wp\/v2\/posts\/98580","targetHints":{"allow":["GET"]}}],"collection":[{"href":"https:\/\/neutrale.al\/index.php\/wp-json\/wp\/v2\/posts"}],"about":[{"href":"https:\/\/neutrale.al\/index.php\/wp-json\/wp\/v2\/types\/post"}],"author":[{"embeddable":true,"href":"https:\/\/neutrale.al\/index.php\/wp-json\/wp\/v2\/users\/2"}],"replies":[{"embeddable":true,"href":"https:\/\/neutrale.al\/index.php\/wp-json\/wp\/v2\/comments?post=98580"}],"version-history":[{"count":2,"href":"https:\/\/neutrale.al\/index.php\/wp-json\/wp\/v2\/posts\/98580\/revisions"}],"predecessor-version":[{"id":98585,"href":"https:\/\/neutrale.al\/index.php\/wp-json\/wp\/v2\/posts\/98580\/revisions\/98585"}],"wp:featuredmedia":[{"embeddable":true,"href":"https:\/\/neutrale.al\/index.php\/wp-json\/wp\/v2\/media\/98581"}],"wp:attachment":[{"href":"https:\/\/neutrale.al\/index.php\/wp-json\/wp\/v2\/media?parent=98580"}],"wp:term":[{"taxonomy":"category","embeddable":true,"href":"https:\/\/neutrale.al\/index.php\/wp-json\/wp\/v2\/categories?post=98580"},{"taxonomy":"post_tag","embeddable":true,"href":"https:\/\/neutrale.al\/index.php\/wp-json\/wp\/v2\/tags?post=98580"}],"curies":[{"name":"wp","href":"https:\/\/api.w.org\/{rel}","templated":true}]}}