{"id":98570,"date":"2026-08-31T16:51:00","date_gmt":"2026-08-31T16:51:00","guid":{"rendered":"https:\/\/neutrale.al\/?p=98570"},"modified":"2026-08-31T16:51:00","modified_gmt":"2026-08-31T16:51:00","slug":"legjendari-leo-messi-i-jep-lamtumiren-kombetares-faleminderit-zot-qe-me-bere-argjentinas","status":"publish","type":"post","link":"https:\/\/neutrale.al\/index.php\/2026\/08\/31\/legjendari-leo-messi-i-jep-lamtumiren-kombetares-faleminderit-zot-qe-me-bere-argjentinas\/","title":{"rendered":"Legjendari, Leo Messi i jep lamtumir\u00ebn Komb\u00ebtares: Faleminderit Zot q\u00eb m\u00eb b\u00ebre argjentinas!"},"content":{"rendered":"<p>N\u00eb nj\u00eb mesazh emocional t\u00eb publikuar n\u00eb llogarin\u00eb e tij n\u00eb Facebook, futbollisti ka b\u00ebr\u00eb t\u00eb ditur vendimin p\u00ebr t\u2019u t\u00ebrhequr nga p\u00ebrfaq\u00ebsuesja, duke theksuar se tashm\u00eb e ndien se ka ardhur momenti p\u00ebr t\u2019i l\u00ebn\u00eb vend brezit t\u00eb ri.<\/p>\n<p>\u201cPas gjith\u00eb k\u00ebsaj kohe q\u00eb ka kaluar nga finalja, pasi e kam menduar shum\u00eb, dua t\u2019ju komunikoj t\u00eb gjith\u00ebve se t\u00ebrhiqem nga Komb\u00ebtarja\u201d, shkruan ai.<\/p>\n<p>Vendimi, si\u00e7 pranon vet\u00eb futbollisti, nuk ka qen\u00eb aspak i leht\u00eb.<\/p>\n<p>\u201cIshte nj\u00eb vendim q\u00eb m\u00eb dhembi dhe m\u00eb dhemb n\u00eb shpirt, por e kuptoj se ka ardhur momenti. Ju betohem se gjithmon\u00eb kam dh\u00ebn\u00eb gjith\u00e7ka, jo vet\u00ebm n\u00eb vitet e fundit kur fituam gjith\u00e7ka, por edhe m\u00eb par\u00eb. Gjithmon\u00eb kam luftuar dhe kam dh\u00ebn\u00eb gjith\u00e7ka p\u00ebr k\u00ebt\u00eb fanell\u00eb, p\u00ebr t\u2019ju dhuruar g\u00ebzime dhe p\u00ebr t\u2019ju b\u00ebr\u00eb krenar\u00eb q\u00eb jeni argjentinas p\u00ebrmes futbollit\u201d, shprehet ai.<\/p>\n<p>M\u00eb tej, ai thekson se ndihet i p\u00ebrmbushur pas gjith\u00e7kaje q\u00eb ka p\u00ebrjetuar me Argjentin\u00ebn, nd\u00ebrsa pranon se nuk ka m\u00eb t\u00eb nj\u00ebjt\u00ebn energji p\u00ebr t\u00eb vazhduar.<\/p>\n<p>\u201cKa mbetur pak dhe etapat po mbyllen, dhe kjo \u00ebsht\u00eb nj\u00eb prej tyre q\u00eb m\u00eb dhemb shum\u00eb. E dua, e kam dashur dhe do ta dua gjithmon\u00eb t\u00eb jem n\u00eb Komb\u00ebtare. U zbraza, nuk kam m\u00eb p\u00ebr t\u00eb dh\u00ebn\u00eb, dhe p\u00ebr m\u00eb tep\u00ebr pas nesh po vijn\u00eb djem shum\u00eb t\u00eb m\u00ebdhenj q\u00eb meritojn\u00eb t\u00eb jen\u00eb aty\u201d, shkruan ai.<\/p>\n<p>Pas dy dekadash me fanell\u00ebn e Argjentin\u00ebs, fal\u00ebnderimi shkon p\u00ebr tifoz\u00ebt, familjen, trajner\u00ebt, shok\u00ebt e skuadr\u00ebs dhe drejtuesit me t\u00eb cil\u00ebt ka ndar\u00eb k\u00ebt\u00eb rrug\u00ebtim.<\/p>\n<p>\u201cFaleminderit p\u00ebr gjith\u00eb dashurin\u00eb gjat\u00eb k\u00ebtyre 20 viteve. Do t\u00eb m\u00eb mungoj\u00eb shum\u00eb t\u2019ju d\u00ebgjoj nga brenda. Tani do t\u00eb jem nj\u00eb prej jush, duke mb\u00ebshtetur gjithmon\u00eb nga jasht\u00eb, n\u00eb t\u00eb mira dhe n\u00eb t\u00eb k\u00ebqija, edhe m\u00eb shum\u00eb\u201d, vijon mesazhi.<\/p>\n<p>Ai u shpreh mir\u00ebnjoh\u00ebs edhe ndaj familjes p\u00ebr mb\u00ebshtetjen gjat\u00eb nj\u00eb rrug\u00ebtimi q\u00eb e cil\u00ebson t\u00eb jasht\u00ebzakonsh\u00ebm, por t\u00eb v\u00ebshtir\u00eb, si dhe ndaj trajner\u00ebve, bashk\u00eblojtar\u00ebve dhe drejtuesve.<\/p>\n<p>\u201cLargohem me qet\u00ebsin\u00eb dhe krenarin\u00eb se, s\u00eb bashku me shok\u00ebt e skuadr\u00ebs, ju dhuruam momente t\u00eb \u00ebnd\u00ebrruara. Ishte nj\u00eb \u00e7menduri ta p\u00ebrjetoja k\u00ebt\u00eb me ju. Ju dua!\u201d<\/p>\n","protected":false},"excerpt":{"rendered":"<p>N\u00eb nj\u00eb mesazh emocional t\u00eb publikuar n\u00eb llogarin\u00eb e tij n\u00eb Facebook, futbollisti ka b\u00ebr\u00eb t\u00eb ditur vendimin p\u00ebr t\u2019u t\u00ebrhequr nga p\u00ebrfaq\u00ebsuesja, duke theksuar se tashm\u00eb e ndien se ka ardhur momenti p\u00ebr t\u2019i l\u00ebn\u00eb vend brezit t\u00eb ri. \u201cPas gjith\u00eb k\u00ebsaj kohe q\u00eb ka kaluar nga finalja, pasi e kam menduar shum\u00eb, dua [&hellip;]<\/p>\n","protected":false},"author":2,"featured_media":98571,"comment_status":"open","ping_status":"open","sticky":false,"template":"","format":"standard","meta":{"footnotes":""},"categories":[104],"tags":[],"class_list":{"0":"post-98570","1":"post","2":"type-post","3":"status-publish","4":"format-standard","5":"has-post-thumbnail","7":"category-sport"},"_links":{"self":[{"href":"https:\/\/neutrale.al\/index.php\/wp-json\/wp\/v2\/posts\/98570","targetHints":{"allow":["GET"]}}],"collection":[{"href":"https:\/\/neutrale.al\/index.php\/wp-json\/wp\/v2\/posts"}],"about":[{"href":"https:\/\/neutrale.al\/index.php\/wp-json\/wp\/v2\/types\/post"}],"author":[{"embeddable":true,"href":"https:\/\/neutrale.al\/index.php\/wp-json\/wp\/v2\/users\/2"}],"replies":[{"embeddable":true,"href":"https:\/\/neutrale.al\/index.php\/wp-json\/wp\/v2\/comments?post=98570"}],"version-history":[{"count":1,"href":"https:\/\/neutrale.al\/index.php\/wp-json\/wp\/v2\/posts\/98570\/revisions"}],"predecessor-version":[{"id":98572,"href":"https:\/\/neutrale.al\/index.php\/wp-json\/wp\/v2\/posts\/98570\/revisions\/98572"}],"wp:featuredmedia":[{"embeddable":true,"href":"https:\/\/neutrale.al\/index.php\/wp-json\/wp\/v2\/media\/98571"}],"wp:attachment":[{"href":"https:\/\/neutrale.al\/index.php\/wp-json\/wp\/v2\/media?parent=98570"}],"wp:term":[{"taxonomy":"category","embeddable":true,"href":"https:\/\/neutrale.al\/index.php\/wp-json\/wp\/v2\/categories?post=98570"},{"taxonomy":"post_tag","embeddable":true,"href":"https:\/\/neutrale.al\/index.php\/wp-json\/wp\/v2\/tags?post=98570"}],"curies":[{"name":"wp","href":"https:\/\/api.w.org\/{rel}","templated":true}]}}