{"id":98566,"date":"2026-08-31T11:40:33","date_gmt":"2026-08-31T11:40:33","guid":{"rendered":"https:\/\/neutrale.al\/?p=98566"},"modified":"2026-08-31T11:40:33","modified_gmt":"2026-08-31T11:40:33","slug":"sali-berisha-drejt-shba-kreu-i-pd-do-marr-pjese-ne-nje-konference-te-partise-republikane","status":"publish","type":"post","link":"https:\/\/neutrale.al\/index.php\/2026\/08\/31\/sali-berisha-drejt-shba-kreu-i-pd-do-marr-pjese-ne-nje-konference-te-partise-republikane\/","title":{"rendered":"Sali Berisha drejt SHBA, kreu i PD: Do marr pjes\u00eb n\u00eb nj\u00eb konferenc\u00eb t\u00eb Partis\u00eb Republikane"},"content":{"rendered":"<p>Kreu i Partis\u00eb Demokratike, Sali Berisha ka dh\u00ebn\u00eb detaje lidhur me vizit\u00ebn e tij t\u00eb ardhshme n\u00eb Shtetet e Bashkuara t\u00eb Amerik\u00ebs, duke mohuar se ka prenotuar takime t\u00eb ve\u00e7anta gjat\u00eb q\u00ebndrimit atje.<\/p>\n<p>Ai b\u00ebri t\u00eb ditur se do t\u00eb udh\u00ebtoj\u00eb drejt Teksasit, ku do t\u00eb marr\u00eb pjes\u00eb n\u00eb nj\u00eb konferenc\u00eb t\u00eb Partis\u00eb Republikane, por theksoi se ende nuk e ka t\u00ebrhequr pasaport\u00ebn nga ambasada amerikane.<\/p>\n<p>\u201c Dokumentet jan\u00eb n\u00eb ambasad\u00ebn e SHBA dhe un\u00eb nuk kam pronotuar asnj\u00eb takim. Un\u00eb shkoj n\u00eb  Teksas, konferenc\u00eb e Partis\u00eb Republikane.<\/p>\n<p>Un\u00eb jam n\u00eb nj\u00eb delegacion t\u00eb Unionit Demokrat Nd\u00ebrkomb\u00ebtar, i cili \u00ebsht\u00eb i ftuar nga PR p\u00ebr t\u00eb marr\u00eb pjes\u00eb n\u00eb k\u00ebt\u00eb konferenc\u00eb. Kam edhe nj\u00eb ftes\u00eb nga nj\u00eb Institutit Republikan\u201d, deklaroi kreu i PD.<\/p>\n","protected":false},"excerpt":{"rendered":"<p>Kreu i Partis\u00eb Demokratike, Sali Berisha ka dh\u00ebn\u00eb detaje lidhur me vizit\u00ebn e tij t\u00eb ardhshme n\u00eb Shtetet e Bashkuara t\u00eb Amerik\u00ebs, duke mohuar se ka prenotuar takime t\u00eb ve\u00e7anta gjat\u00eb q\u00ebndrimit atje. Ai b\u00ebri t\u00eb ditur se do t\u00eb udh\u00ebtoj\u00eb drejt Teksasit, ku do t\u00eb marr\u00eb pjes\u00eb n\u00eb nj\u00eb konferenc\u00eb t\u00eb Partis\u00eb Republikane, por [&hellip;]<\/p>\n","protected":false},"author":2,"featured_media":98567,"comment_status":"open","ping_status":"open","sticky":false,"template":"","format":"standard","meta":{"footnotes":""},"categories":[118,9],"tags":[],"class_list":{"0":"post-98566","1":"post","2":"type-post","3":"status-publish","4":"format-standard","5":"has-post-thumbnail","7":"category-kryesore","8":"category-politika"},"_links":{"self":[{"href":"https:\/\/neutrale.al\/index.php\/wp-json\/wp\/v2\/posts\/98566","targetHints":{"allow":["GET"]}}],"collection":[{"href":"https:\/\/neutrale.al\/index.php\/wp-json\/wp\/v2\/posts"}],"about":[{"href":"https:\/\/neutrale.al\/index.php\/wp-json\/wp\/v2\/types\/post"}],"author":[{"embeddable":true,"href":"https:\/\/neutrale.al\/index.php\/wp-json\/wp\/v2\/users\/2"}],"replies":[{"embeddable":true,"href":"https:\/\/neutrale.al\/index.php\/wp-json\/wp\/v2\/comments?post=98566"}],"version-history":[{"count":1,"href":"https:\/\/neutrale.al\/index.php\/wp-json\/wp\/v2\/posts\/98566\/revisions"}],"predecessor-version":[{"id":98568,"href":"https:\/\/neutrale.al\/index.php\/wp-json\/wp\/v2\/posts\/98566\/revisions\/98568"}],"wp:featuredmedia":[{"embeddable":true,"href":"https:\/\/neutrale.al\/index.php\/wp-json\/wp\/v2\/media\/98567"}],"wp:attachment":[{"href":"https:\/\/neutrale.al\/index.php\/wp-json\/wp\/v2\/media?parent=98566"}],"wp:term":[{"taxonomy":"category","embeddable":true,"href":"https:\/\/neutrale.al\/index.php\/wp-json\/wp\/v2\/categories?post=98566"},{"taxonomy":"post_tag","embeddable":true,"href":"https:\/\/neutrale.al\/index.php\/wp-json\/wp\/v2\/tags?post=98566"}],"curies":[{"name":"wp","href":"https:\/\/api.w.org\/{rel}","templated":true}]}}