{"id":98556,"date":"2026-08-30T10:34:33","date_gmt":"2026-08-30T10:34:33","guid":{"rendered":"https:\/\/neutrale.al\/?p=98556"},"modified":"2026-08-30T10:34:33","modified_gmt":"2026-08-30T10:34:33","slug":"belind-kellici-teknicieni-i-kthyer-ne-patronazhist-militant-ferit-hoxha-nuk-ze-mend-vijon-me-etiketime-e-qendrime-aspak-diplomatike","status":"publish","type":"post","link":"https:\/\/neutrale.al\/index.php\/2026\/08\/30\/belind-kellici-teknicieni-i-kthyer-ne-patronazhist-militant-ferit-hoxha-nuk-ze-mend-vijon-me-etiketime-e-qendrime-aspak-diplomatike\/","title":{"rendered":"Belind K\u00eblli\u00e7i: Teknicieni i kthyer n\u00eb patronazhist militant, Ferit Hoxha, nuk z\u00eb mend! Vijon me etiketime e q\u00ebndrime aspak diplomatike."},"content":{"rendered":"<p>Ministri i Jasht\u00ebm Ferit Hoxha vijon t\u00eb habis\u00eb me q\u00ebndrimet e tij dhe sidomos me etiketimet e fjalorin q\u00eb p\u00ebrdor. M\u00ebsohet se n\u00eb prezantimin q\u00eb ka b\u00ebr\u00eb n\u00eb takimin e Pogradecit, duke folur p\u00ebr raportet dhe politik\u00ebn mbi Kosov\u00ebn, \u00ebsht\u00eb shprehur se politika atje ka drit\u00ebshkurt\u00ebsi!<\/p>\n<p>Nd\u00ebrsa lidhur me prioritetin e integrimit, ka dalluar vende t\u00eb BE q\u00eb nuk jan\u00eb miq\u00ebsore me ne, e q\u00eb mund t\u00eb ngadal\u00ebsojn\u00eb k\u00ebt\u00eb proces, ku ka ve\u00e7uar Gjermanin\u00eb \u2018armike\u2019. <\/p>\n<p>Kryediplomati q\u00eb u paraqit si zbulim nga Rama, nuk po m\u00ebson nga gafat e tij.<\/p>\n<p>Ai shkaktoi nj\u00eb skandal muaj m\u00eb par\u00eb kur n\u00eb nj\u00eb komunikim me bashk\u00ebpun\u00ebtor\u00ebt e tij, i cil\u00ebsoi shqiptar\u00ebt e Maqedonis\u00eb s\u00eb Veriut si idiot\u00eb. <\/p>\n<p>M\u00eb tej, krijoi nj\u00eb incident me italin\u00eb, ku u shpreh se kampet e emigrat\u00ebve si ato n\u00eb Sh\u00ebngjin do t\u00eb mbylleshin.<\/p>\n<p>N\u00eb t\u00eb dy k\u00ebto raste u desh\u00ebn sqarime pa fund p\u00ebr t\u00eb ndrequr gabimet trashanike. <\/p>\n<p>Por mesa duket, Feriti vazhdon n\u00eb t\u00eb nj\u00ebjt\u00ebn linj\u00eb. Duke e cil\u00ebsuar Prishtin\u00ebn zyrtare me drit\u00ebshkurt\u00ebsi politike, dhe duke th\u00ebn\u00eb se Gjermania qenka jo miq\u00ebsore me ne.<\/p>\n<p>N\u00eb prezantimin e Pogradecit ai ka ngjallur habin\u00eb e t\u00eb gjith\u00ebve. Nga burime serioze m\u00ebsohet se \u00ebsht\u00eb k\u00ebrkuar t\u00eb vijohet me shpejt\u00ebsi urgjente n\u00eb paraqitjet e tjera, p\u00ebr t\u00eb tejkaluar k\u00ebt\u00eb moment. <\/p>\n<p>Mes shum\u00eb skandaleve dhe aferave t\u00eb qeveris\u00eb, ndoshta k\u00ebto gafa t\u00eb kryediplomatit ngjajn\u00eb si t\u00eb par\u00ebnd\u00ebsishme. Por Shqip\u00ebria nuk e ka luksin q\u00eb t\u00eb krijoj\u00eb probleme me fqinj\u00ebt apo aleat\u00ebt, p\u00ebr shkak t\u00eb delirit, fodull\u00ebkut apo militantizmit t\u00eb Ministrit t\u00eb Jasht\u00ebm.<\/p>\n<p><img loading=\"lazy\" loading=\"lazy\" decoding=\"async\" src=\"https:\/\/neutrale.al\/wp-content\/uploads\/2026\/08\/870752e7-9ae1-4c18-b7a1-ed78ccbc4f9d-300x200.jpeg\" alt=\"\" width=\"300\" height=\"200\" class=\"alignnone size-medium wp-image-98557\" srcset=\"https:\/\/neutrale.al\/wp-content\/uploads\/2026\/08\/870752e7-9ae1-4c18-b7a1-ed78ccbc4f9d-300x200.jpeg 300w, https:\/\/neutrale.al\/wp-content\/uploads\/2026\/08\/870752e7-9ae1-4c18-b7a1-ed78ccbc4f9d-1024x683.jpeg 1024w, https:\/\/neutrale.al\/wp-content\/uploads\/2026\/08\/870752e7-9ae1-4c18-b7a1-ed78ccbc4f9d-768x512.jpeg 768w, https:\/\/neutrale.al\/wp-content\/uploads\/2026\/08\/870752e7-9ae1-4c18-b7a1-ed78ccbc4f9d-1536x1024.jpeg 1536w, https:\/\/neutrale.al\/wp-content\/uploads\/2026\/08\/870752e7-9ae1-4c18-b7a1-ed78ccbc4f9d-330x220.jpeg 330w, https:\/\/neutrale.al\/wp-content\/uploads\/2026\/08\/870752e7-9ae1-4c18-b7a1-ed78ccbc4f9d-420x280.jpeg 420w, https:\/\/neutrale.al\/wp-content\/uploads\/2026\/08\/870752e7-9ae1-4c18-b7a1-ed78ccbc4f9d-615x410.jpeg 615w, https:\/\/neutrale.al\/wp-content\/uploads\/2026\/08\/870752e7-9ae1-4c18-b7a1-ed78ccbc4f9d-860x573.jpeg 860w, https:\/\/neutrale.al\/wp-content\/uploads\/2026\/08\/870752e7-9ae1-4c18-b7a1-ed78ccbc4f9d.jpeg 1599w\" sizes=\"auto, (max-width: 300px) 100vw, 300px\" \/><\/p>\n<p><img loading=\"lazy\" loading=\"lazy\" decoding=\"async\" src=\"https:\/\/neutrale.al\/wp-content\/uploads\/2026\/08\/49f8e27a-8688-44a0-a70a-37ad698613dd-179x300.jpeg\" alt=\"\" width=\"179\" height=\"300\" class=\"alignnone size-medium wp-image-98558\" srcset=\"https:\/\/neutrale.al\/wp-content\/uploads\/2026\/08\/49f8e27a-8688-44a0-a70a-37ad698613dd-179x300.jpeg 179w, https:\/\/neutrale.al\/wp-content\/uploads\/2026\/08\/49f8e27a-8688-44a0-a70a-37ad698613dd-611x1024.jpeg 611w, https:\/\/neutrale.al\/wp-content\/uploads\/2026\/08\/49f8e27a-8688-44a0-a70a-37ad698613dd-768x1287.jpeg 768w, https:\/\/neutrale.al\/wp-content\/uploads\/2026\/08\/49f8e27a-8688-44a0-a70a-37ad698613dd-917x1536.jpeg 917w, https:\/\/neutrale.al\/wp-content\/uploads\/2026\/08\/49f8e27a-8688-44a0-a70a-37ad698613dd-860x1441.jpeg 860w, https:\/\/neutrale.al\/wp-content\/uploads\/2026\/08\/49f8e27a-8688-44a0-a70a-37ad698613dd.jpeg 1222w\" sizes=\"auto, (max-width: 179px) 100vw, 179px\" \/><\/p>\n","protected":false},"excerpt":{"rendered":"<p>Ministri i Jasht\u00ebm Ferit Hoxha vijon t\u00eb habis\u00eb me q\u00ebndrimet e tij dhe sidomos me etiketimet e fjalorin q\u00eb p\u00ebrdor. M\u00ebsohet se n\u00eb prezantimin q\u00eb ka b\u00ebr\u00eb n\u00eb takimin e Pogradecit, duke folur p\u00ebr raportet dhe politik\u00ebn mbi Kosov\u00ebn, \u00ebsht\u00eb shprehur se politika atje ka drit\u00ebshkurt\u00ebsi! Nd\u00ebrsa lidhur me prioritetin e integrimit, ka dalluar vende [&hellip;]<\/p>\n","protected":false},"author":2,"featured_media":98559,"comment_status":"open","ping_status":"open","sticky":false,"template":"","format":"standard","meta":{"footnotes":""},"categories":[118,9],"tags":[],"class_list":{"0":"post-98556","1":"post","2":"type-post","3":"status-publish","4":"format-standard","5":"has-post-thumbnail","7":"category-kryesore","8":"category-politika"},"_links":{"self":[{"href":"https:\/\/neutrale.al\/index.php\/wp-json\/wp\/v2\/posts\/98556","targetHints":{"allow":["GET"]}}],"collection":[{"href":"https:\/\/neutrale.al\/index.php\/wp-json\/wp\/v2\/posts"}],"about":[{"href":"https:\/\/neutrale.al\/index.php\/wp-json\/wp\/v2\/types\/post"}],"author":[{"embeddable":true,"href":"https:\/\/neutrale.al\/index.php\/wp-json\/wp\/v2\/users\/2"}],"replies":[{"embeddable":true,"href":"https:\/\/neutrale.al\/index.php\/wp-json\/wp\/v2\/comments?post=98556"}],"version-history":[{"count":1,"href":"https:\/\/neutrale.al\/index.php\/wp-json\/wp\/v2\/posts\/98556\/revisions"}],"predecessor-version":[{"id":98560,"href":"https:\/\/neutrale.al\/index.php\/wp-json\/wp\/v2\/posts\/98556\/revisions\/98560"}],"wp:featuredmedia":[{"embeddable":true,"href":"https:\/\/neutrale.al\/index.php\/wp-json\/wp\/v2\/media\/98559"}],"wp:attachment":[{"href":"https:\/\/neutrale.al\/index.php\/wp-json\/wp\/v2\/media?parent=98556"}],"wp:term":[{"taxonomy":"category","embeddable":true,"href":"https:\/\/neutrale.al\/index.php\/wp-json\/wp\/v2\/categories?post=98556"},{"taxonomy":"post_tag","embeddable":true,"href":"https:\/\/neutrale.al\/index.php\/wp-json\/wp\/v2\/tags?post=98556"}],"curies":[{"name":"wp","href":"https:\/\/api.w.org\/{rel}","templated":true}]}}