{"id":9781,"date":"2022-07-18T09:18:17","date_gmt":"2022-07-18T09:18:17","guid":{"rendered":"https:\/\/neutrale.al\/?p=9781"},"modified":"2022-07-18T09:18:17","modified_gmt":"2022-07-18T09:18:17","slug":"aksident-fatal-ne-vlore-2","status":"publish","type":"post","link":"https:\/\/neutrale.al\/index.php\/2022\/07\/18\/aksident-fatal-ne-vlore-2\/","title":{"rendered":"Aksident fatal n\u00eb Vlor\u00eb."},"content":{"rendered":"<p>M\u00ebngjesi i sot\u00ebm ka nisur me nj\u00eb aksident me vdekje n\u00eb aksin Vlor\u00eb-Orikum.<br \/>\nShtetasi K. M., 53 vje\u00e7, duke drejtuar automjetin ka humbur kontrollin dhe ka aksidentuar nj\u00eb person. <\/p>\n<p>Sipas policis\u00eb, viktima \u00ebsht\u00eb nj\u00eb person rreth 60 vje\u00e7, ende i paidentifikuar. <\/p>\n<p>Njoftimi:<br \/>\n\u201cSot, rreth or\u00ebs 08:40, n\u00eb aksin rrugor Vlor\u00eb-Orikum, shtetasi K. M., 53 vje\u00e7, duke drejtuar automjetin tip \u201cKama\u201d, dyshohet se ka humbur kontrollin dhe ka aksidentuar nj\u00eb shtetas ende t\u00eb paidentifikuar, rreth 60 vje\u00e7, i cili si pasoj\u00eb e d\u00ebmtimeve t\u00eb marra ka nd\u00ebrruar jet\u00eb n\u00eb vendngjarje. <\/p>\n<p>Grupi hetimor ndodhet n\u00eb vendngjarje dhe po kryen veprimet e m\u00ebtejshme p\u00ebr aksidentin\u201d<\/p>\n","protected":false},"excerpt":{"rendered":"<p>M\u00ebngjesi i sot\u00ebm ka nisur me nj\u00eb aksident me vdekje n\u00eb aksin Vlor\u00eb-Orikum. Shtetasi K. M., 53 vje\u00e7, duke drejtuar automjetin ka humbur kontrollin dhe ka aksidentuar nj\u00eb person. Sipas policis\u00eb, viktima \u00ebsht\u00eb nj\u00eb person rreth 60 vje\u00e7, ende i paidentifikuar. Njoftimi: \u201cSot, rreth or\u00ebs 08:40, n\u00eb aksin rrugor Vlor\u00eb-Orikum, shtetasi K. M., 53 vje\u00e7, [&hellip;]<\/p>\n","protected":false},"author":2,"featured_media":9782,"comment_status":"open","ping_status":"open","sticky":false,"template":"","format":"standard","meta":{"footnotes":""},"categories":[117,118],"tags":[],"class_list":{"0":"post-9781","1":"post","2":"type-post","3":"status-publish","4":"format-standard","5":"has-post-thumbnail","7":"category-aktualitet","8":"category-kryesore"},"_links":{"self":[{"href":"https:\/\/neutrale.al\/index.php\/wp-json\/wp\/v2\/posts\/9781","targetHints":{"allow":["GET"]}}],"collection":[{"href":"https:\/\/neutrale.al\/index.php\/wp-json\/wp\/v2\/posts"}],"about":[{"href":"https:\/\/neutrale.al\/index.php\/wp-json\/wp\/v2\/types\/post"}],"author":[{"embeddable":true,"href":"https:\/\/neutrale.al\/index.php\/wp-json\/wp\/v2\/users\/2"}],"replies":[{"embeddable":true,"href":"https:\/\/neutrale.al\/index.php\/wp-json\/wp\/v2\/comments?post=9781"}],"version-history":[{"count":1,"href":"https:\/\/neutrale.al\/index.php\/wp-json\/wp\/v2\/posts\/9781\/revisions"}],"predecessor-version":[{"id":9783,"href":"https:\/\/neutrale.al\/index.php\/wp-json\/wp\/v2\/posts\/9781\/revisions\/9783"}],"wp:featuredmedia":[{"embeddable":true,"href":"https:\/\/neutrale.al\/index.php\/wp-json\/wp\/v2\/media\/9782"}],"wp:attachment":[{"href":"https:\/\/neutrale.al\/index.php\/wp-json\/wp\/v2\/media?parent=9781"}],"wp:term":[{"taxonomy":"category","embeddable":true,"href":"https:\/\/neutrale.al\/index.php\/wp-json\/wp\/v2\/categories?post=9781"},{"taxonomy":"post_tag","embeddable":true,"href":"https:\/\/neutrale.al\/index.php\/wp-json\/wp\/v2\/tags?post=9781"}],"curies":[{"name":"wp","href":"https:\/\/api.w.org\/{rel}","templated":true}]}}