{"id":97195,"date":"2026-05-03T14:03:25","date_gmt":"2026-05-03T14:03:25","guid":{"rendered":"https:\/\/neutrale.al\/?p=97195"},"modified":"2026-05-03T14:03:25","modified_gmt":"2026-05-03T14:03:25","slug":"ngjarje-e-rende-ne-durres-makina-perplas-per-vdekje-dy-femije-plagoset-nje-tjeter","status":"publish","type":"post","link":"https:\/\/neutrale.al\/index.php\/2026\/05\/03\/ngjarje-e-rende-ne-durres-makina-perplas-per-vdekje-dy-femije-plagoset-nje-tjeter\/","title":{"rendered":"Ngjarje e r\u00ebnd\u00eb n\u00eb Durr\u00ebs\/ Makina p\u00ebrplas p\u00ebr vdekje dy f\u00ebmij\u00eb, plagoset nj\u00eb tjet\u00ebr"},"content":{"rendered":"<p>Nj\u00eb aksident i r\u00ebnd\u00eb ka ndodhur mesdit\u00ebn e sotme n\u00eb lagjen e ish-k\u00ebnet\u00ebs, n\u00eb Durr\u00ebs, ku nj\u00eb automjet ka p\u00ebrplasur tre f\u00ebmij\u00eb t\u00eb mosh\u00ebs rreth 10-vje\u00e7are<br \/>\nNga goditja fatale, dy prej f\u00ebmij\u00ebve kan\u00eb humbur jet\u00ebn si pasoj\u00eb e plag\u00ebve t\u00eb marra, nd\u00ebrsa nj\u00eb tjet\u00ebr ndodhet n\u00eb spital n\u00eb gjendje t\u00eb r\u00ebnd\u00eb sh\u00ebndet\u00ebsore.<br \/>\nN\u00eb vendngjarje kan\u00eb mb\u00ebrritur sh\u00ebrbimet e emergjenc\u00ebs dhe policia, t\u00eb cilat po punojn\u00eb p\u00ebr sqarimin e rrethanave t\u00eb aksidentit.<br \/>\nN\u00eb njoftimin zyrtar t\u00eb autoriteve njoftohet, se rreth or\u00ebs 14:20, n\u00eb lagjen nr. 15 t\u00eb qytetit, nj\u00eb automjet i drejtuar nga shtetasi N. R., 57 vje\u00e7, ka p\u00ebrplasur tre f\u00ebmij\u00eb t\u00eb mitur, t\u00eb mosh\u00ebs rreth 10 vje\u00e7are.<br \/>\nFatkeq\u00ebsisht, dy prej f\u00ebmij\u00ebve kan\u00eb humbur jet\u00ebn si pasoj\u00eb e plag\u00ebve t\u00eb marra, nd\u00ebrsa i mituri tjet\u00ebr ndodhet n\u00eb gjendje t\u00eb r\u00ebnd\u00eb sh\u00ebndet\u00ebsore.<br \/>\nAi \u00ebsht\u00eb transportuar drejt Tiran\u00ebs p\u00ebr ndihm\u00eb m\u00eb t\u00eb specializuar.<br \/>\nDrejtuesi i automjetit \u00ebsht\u00eb shoq\u00ebruar n\u00eb Komisariat p\u00ebr veprime t\u00eb m\u00ebtejshme, nd\u00ebrsa grupi hetimor ndodhet n\u00eb vendngjarje dhe po punon p\u00ebr zbardhjen e plot\u00eb t\u00eb rrethanave t\u00eb aksidentit.<\/p>\n","protected":false},"excerpt":{"rendered":"<p>Nj\u00eb aksident i r\u00ebnd\u00eb ka ndodhur mesdit\u00ebn e sotme n\u00eb lagjen e ish-k\u00ebnet\u00ebs, n\u00eb Durr\u00ebs, ku nj\u00eb automjet ka p\u00ebrplasur tre f\u00ebmij\u00eb t\u00eb mosh\u00ebs rreth 10-vje\u00e7are Nga goditja fatale, dy prej f\u00ebmij\u00ebve kan\u00eb humbur jet\u00ebn si pasoj\u00eb e plag\u00ebve t\u00eb marra, nd\u00ebrsa nj\u00eb tjet\u00ebr ndodhet n\u00eb spital n\u00eb gjendje t\u00eb r\u00ebnd\u00eb sh\u00ebndet\u00ebsore. N\u00eb vendngjarje kan\u00eb [&hellip;]<\/p>\n","protected":false},"author":2,"featured_media":97196,"comment_status":"open","ping_status":"open","sticky":false,"template":"","format":"standard","meta":{"footnotes":""},"categories":[117,118],"tags":[],"class_list":{"0":"post-97195","1":"post","2":"type-post","3":"status-publish","4":"format-standard","5":"has-post-thumbnail","7":"category-aktualitet","8":"category-kryesore"},"_links":{"self":[{"href":"https:\/\/neutrale.al\/index.php\/wp-json\/wp\/v2\/posts\/97195","targetHints":{"allow":["GET"]}}],"collection":[{"href":"https:\/\/neutrale.al\/index.php\/wp-json\/wp\/v2\/posts"}],"about":[{"href":"https:\/\/neutrale.al\/index.php\/wp-json\/wp\/v2\/types\/post"}],"author":[{"embeddable":true,"href":"https:\/\/neutrale.al\/index.php\/wp-json\/wp\/v2\/users\/2"}],"replies":[{"embeddable":true,"href":"https:\/\/neutrale.al\/index.php\/wp-json\/wp\/v2\/comments?post=97195"}],"version-history":[{"count":1,"href":"https:\/\/neutrale.al\/index.php\/wp-json\/wp\/v2\/posts\/97195\/revisions"}],"predecessor-version":[{"id":97197,"href":"https:\/\/neutrale.al\/index.php\/wp-json\/wp\/v2\/posts\/97195\/revisions\/97197"}],"wp:featuredmedia":[{"embeddable":true,"href":"https:\/\/neutrale.al\/index.php\/wp-json\/wp\/v2\/media\/97196"}],"wp:attachment":[{"href":"https:\/\/neutrale.al\/index.php\/wp-json\/wp\/v2\/media?parent=97195"}],"wp:term":[{"taxonomy":"category","embeddable":true,"href":"https:\/\/neutrale.al\/index.php\/wp-json\/wp\/v2\/categories?post=97195"},{"taxonomy":"post_tag","embeddable":true,"href":"https:\/\/neutrale.al\/index.php\/wp-json\/wp\/v2\/tags?post=97195"}],"curies":[{"name":"wp","href":"https:\/\/api.w.org\/{rel}","templated":true}]}}