{"id":97192,"date":"2026-05-03T11:02:42","date_gmt":"2026-05-03T11:02:42","guid":{"rendered":"https:\/\/neutrale.al\/?p=97192"},"modified":"2026-05-03T11:02:42","modified_gmt":"2026-05-03T11:02:42","slug":"foltore-ne-peshkopi-sali-berisha-cmimet-jane-me-te-larta-se-ne-gjermani-ndersa-rrogat-jane-me-te-uletat-shqiptaret-me-te-keq-paguarit-ne-rajon","status":"publish","type":"post","link":"https:\/\/neutrale.al\/index.php\/2026\/05\/03\/foltore-ne-peshkopi-sali-berisha-cmimet-jane-me-te-larta-se-ne-gjermani-ndersa-rrogat-jane-me-te-uletat-shqiptaret-me-te-keq-paguarit-ne-rajon\/","title":{"rendered":"Foltore n\u00eb Peshkopi\/ Sali Berisha: \u00c7mimet jan\u00eb m\u00eb t\u00eb larta se n\u00eb Gjermani, nd\u00ebrsa rrogat jan\u00eb m\u00eb t\u00eb ul\u00ebtat. Shqiptar\u00ebt m\u00eb t\u00eb keq paguarit n\u00eb rajon"},"content":{"rendered":"<p>T\u00eb dashur miq!<br \/>\nN\u00eb rast se rikthehemi pak vite m\u00eb par\u00eb, k\u00ebt\u00eb rrug\u00eb q\u00eb zgjodh\u00ebm n\u00eb kushte t\u00eb v\u00ebshtira, kjo rrug\u00eb na nxori me faqe t\u00eb bardh\u00eb. Kjo rrug\u00eb q\u00eb zgjodh\u00ebm, faktoi shqiptar\u00ebve dhe bot\u00ebs se ne, demokrat\u00ebt e Shqip\u00ebris\u00eb mbrojm\u00eb t\u00eb v\u00ebrtetat, sakrifikojm\u00eb p\u00ebr t\u00eb v\u00ebrtetat. Dhe e b\u00ebm\u00eb k\u00ebt\u00eb n\u00eb koh\u00ebn kur ishim forca politike m\u00eb e izoluar n\u00eb planet. Nuk u l\u00ebkund\u00ebm, se kishim bindjen m\u00eb t\u00eb thell\u00eb se ne po mbronim interesat tuaja, interesat e qytetar\u00ebve shqiptar\u00eb, po mbronim t\u00eb v\u00ebrtetat tuaja, t\u00eb v\u00ebrtetat e Shqip\u00ebris\u00eb.<br \/>\nDhe n\u00eb nj\u00eb hark kohor t\u00eb shkurt\u00ebr, ato t\u00eb v\u00ebrteta q\u00eb mbronim ne u b\u00ebn\u00eb t\u00eb mbrojtura nga forcat politike t\u00eb qendr\u00ebs s\u00eb djatht\u00eb dhe t\u00eb djathta n\u00eb mbar\u00eb bot\u00ebn. N\u00eb 8 rezoluta. Si asnj\u00eb forc\u00eb tjet\u00ebr politike.<br \/>\nJu garantoj se po t\u00eb mos q\u00ebndronim ne n\u00eb k\u00ebmb\u00eb, edhe emri do na ishte harruar. As emrin s&#8217;do na e kujtonte kush se kemi ekzistuar. Por ne q\u00ebndruam p\u00ebr t\u00eb v\u00ebrtetat e m\u00ebdha t\u00eb k\u00ebtij populli, t\u00eb k\u00ebtij vendi. Dhe u b\u00ebm\u00eb sot z\u00ebri m\u00eb i d\u00ebgjuar. U b\u00ebm\u00eb forca politike m\u00eb e mb\u00ebshtetur.<br \/>\nU p\u00ebrball\u00ebm me mafien m\u00eb t\u00eb rrezikshme shqiptare dhe bot\u00ebrore. Po ja ku jemi. T\u00eb pamposhtur n\u00eb misionin ton\u00eb. Sot, vet\u00ebdija p\u00ebr zhvillimet dramatike n\u00eb Shqip\u00ebri \u00ebsht\u00eb bot\u00ebrore.<br \/>\n\u00cbsht\u00eb mbar\u00eb komb\u00ebtare. Por sot k\u00ebrkohet m\u00eb shum\u00eb se kurr\u00eb nga ne n\u00eb kilometrin e fundit, t\u00eb q\u00ebndrojm\u00eb, t\u00eb q\u00ebndrojm\u00eb, t\u00eb q\u00ebndrojm\u00eb. Imagjinoni pak p\u00ebr nj\u00eb moment. Vet\u00ebm zhvillimet nga dhjetori gjer\u00eb sot.<br \/>\nZhvillimet m\u00eb posht\u00ebruese p\u00ebr nj\u00eb komb. Zhvillimet m\u00eb t\u00eb turpshme, m\u00eb antiqytetare. Nj\u00eb zv\/kryeministre me kryeministrin kapen me dokumente, me dhjet\u00ebra, qindra dokumente se n\u00eb 8 afera kan\u00eb pla\u00e7kitur, kan\u00eb abuzuar me 1.2 miliard\u00eb euro. Dhe k\u00ebto jan\u00eb vet\u00ebm 8 afera. Dhe mos harroni se ajo korb\u00eb e zez\u00eb e korrupsionit, Lubia, ka administruar 12 miliard\u00eb euro taksa tuaja.<br \/>\nPo sa jan\u00eb 12 miliard\u00eb euro miq? 12 miliard\u00eb euro jan\u00eb sa rrogat tuaja 12 her\u00eb m\u00eb t\u00eb m\u00ebdha, m\u00eb e madhe. Jan\u00eb 12-fishi i rrogave t\u00eb p\u00ebrgjithshme t\u00eb Shqip\u00ebris\u00eb. 12 miliard\u00eb euro. Ju garantoj se po t\u00eb p\u00ebrdoreshin sipas ligjit, shqiptar\u00ebt do kishin sot rroga jo 3, por 4 her\u00eb m\u00eb t\u00eb m\u00ebdha.<br \/>\nKu jan\u00eb sot shqiptar\u00ebt? Jan\u00eb njer\u00ebzit m\u00eb keq t\u00eb paguar.<br \/>\nN\u00eb 2013-\u00ebn ne u b\u00ebm\u00eb njer\u00ebzit m\u00eb mir\u00eb t\u00eb paguar n\u00eb rajon. Nuk them n\u00eb t\u00eb pasurit, po m\u00eb t\u00eb paguarit. Dhe kjo ishte nj\u00eb arritje me t\u00eb v\u00ebrtet\u00eb e jasht\u00ebzakonshme p\u00ebr ne, q\u00eb na kishte ndjekur varf\u00ebria n\u00eb shekuj. Nuk u b\u00ebm\u00eb t\u00eb pasur, t\u00eb mk\u00ebmur.<br \/>\nPor me ato ritme kur dol\u00ebm t\u00eb paguhemi m\u00eb shum\u00eb se t\u00eb gjith\u00eb banor\u00ebt e vendeve p\u00ebrreth nesh, p\u00ebrfshi Bullgarin\u00eb dhe Rumanin\u00eb, ajo d\u00ebshmonte se ne kishim nj\u00eb t\u00eb ardhme t\u00eb shk\u00eblqyer n\u00eb k\u00ebt\u00eb vend. Dhe se ajo u arrit, asnj\u00eb nga ju t\u00eb mos e harroj\u00eb, u arrit me taksa sa gjysma e taksave q\u00eb jan\u00eb sot. Me taksa sa gjysma e taksave q\u00eb jan\u00eb sot.<br \/>\nKurse tani, n\u00eb vitin 2026, rrogat dhe pensionet tuaja dhe ndihma ekonomike jan\u00eb m\u00eb t\u00eb ul\u00ebtat n\u00eb rajon. \u00c7mimet jan\u00eb m\u00eb t\u00eb lartat, jo n\u00eb rajon, por \u00e7mimet e ushqimeve baz\u00eb jan\u00eb m\u00eb t\u00eb larta se n\u00eb Greqi, se n\u00eb Itali, se n\u00eb Gjermani.<br \/>\nNafta \u00ebsht\u00eb nd\u00ebr m\u00eb t\u00eb lartat n\u00eb Evrop\u00eb, nd\u00ebr m\u00eb t\u00eb lartat n\u00eb bot\u00eb. Ka nj\u00eb mekaniz\u00ebm p\u00ebr ta l\u00ebn\u00eb tok\u00ebn djerr\u00eb, rrit \u00e7mimin e naft\u00ebs. Nuk e harrojm\u00eb, si harroj vitet &#8217;90. Kosova mbeti djerr\u00eb. Mbeti djerr\u00eb sepse Miloshevi\u00e7i naft\u00ebn q\u00eb mirrte e ruante p\u00ebr Shumadin\u00eb dhe zona t\u00eb tjera, kurse Kosov\u00ebn e linte me \u00e7mime nafte stratosferike, n\u00eb t\u00eb cilat nuk ja vlente t\u00eb punohej toka.<br \/>\nDhe ky njeri, n\u00eb kulmin e problemit me naft\u00ebn, n\u00eb nj\u00eb koh\u00eb kur \u00e7do qeveri n\u00eb Evrop\u00eb, e sigurt\u00eb kjo q\u00eb ju them me studim. \u00c7do qeveri n\u00eb Evrop\u00eb ka dyfishuar masat e ndihm\u00ebs p\u00ebr qytetar\u00ebt dhe fermer\u00ebt p\u00ebr naft\u00ebn.<br \/>\nGjermania ka dyfishuar, Maqedonia ka dyfishuar. Dhe Maqedonia ja shet naft\u00ebn me 1500 lek. Jo p\u00ebr bujq\u00ebsin\u00eb, po p\u00ebr qytetar\u00ebt. Kurse ky thot\u00eb e mbylla at\u00eb. Nuk ekziston n\u00eb Evrop\u00eb i thoshte atij qytetarit. Nuk ka m\u00eb subvencione nafte n\u00eb Evrop\u00eb.<br \/>\nKy njeri q\u00eb dit\u00eb e nat\u00eb vet\u00ebm nxjerr mashtrime para jush.<\/p>\n","protected":false},"excerpt":{"rendered":"<p>T\u00eb dashur miq! N\u00eb rast se rikthehemi pak vite m\u00eb par\u00eb, k\u00ebt\u00eb rrug\u00eb q\u00eb zgjodh\u00ebm n\u00eb kushte t\u00eb v\u00ebshtira, kjo rrug\u00eb na nxori me faqe t\u00eb bardh\u00eb. Kjo rrug\u00eb q\u00eb zgjodh\u00ebm, faktoi shqiptar\u00ebve dhe bot\u00ebs se ne, demokrat\u00ebt e Shqip\u00ebris\u00eb mbrojm\u00eb t\u00eb v\u00ebrtetat, sakrifikojm\u00eb p\u00ebr t\u00eb v\u00ebrtetat. Dhe e b\u00ebm\u00eb k\u00ebt\u00eb n\u00eb koh\u00ebn kur ishim [&hellip;]<\/p>\n","protected":false},"author":2,"featured_media":97193,"comment_status":"open","ping_status":"open","sticky":false,"template":"","format":"standard","meta":{"footnotes":""},"categories":[118,9],"tags":[],"class_list":{"0":"post-97192","1":"post","2":"type-post","3":"status-publish","4":"format-standard","5":"has-post-thumbnail","7":"category-kryesore","8":"category-politika"},"_links":{"self":[{"href":"https:\/\/neutrale.al\/index.php\/wp-json\/wp\/v2\/posts\/97192","targetHints":{"allow":["GET"]}}],"collection":[{"href":"https:\/\/neutrale.al\/index.php\/wp-json\/wp\/v2\/posts"}],"about":[{"href":"https:\/\/neutrale.al\/index.php\/wp-json\/wp\/v2\/types\/post"}],"author":[{"embeddable":true,"href":"https:\/\/neutrale.al\/index.php\/wp-json\/wp\/v2\/users\/2"}],"replies":[{"embeddable":true,"href":"https:\/\/neutrale.al\/index.php\/wp-json\/wp\/v2\/comments?post=97192"}],"version-history":[{"count":1,"href":"https:\/\/neutrale.al\/index.php\/wp-json\/wp\/v2\/posts\/97192\/revisions"}],"predecessor-version":[{"id":97194,"href":"https:\/\/neutrale.al\/index.php\/wp-json\/wp\/v2\/posts\/97192\/revisions\/97194"}],"wp:featuredmedia":[{"embeddable":true,"href":"https:\/\/neutrale.al\/index.php\/wp-json\/wp\/v2\/media\/97193"}],"wp:attachment":[{"href":"https:\/\/neutrale.al\/index.php\/wp-json\/wp\/v2\/media?parent=97192"}],"wp:term":[{"taxonomy":"category","embeddable":true,"href":"https:\/\/neutrale.al\/index.php\/wp-json\/wp\/v2\/categories?post=97192"},{"taxonomy":"post_tag","embeddable":true,"href":"https:\/\/neutrale.al\/index.php\/wp-json\/wp\/v2\/tags?post=97192"}],"curies":[{"name":"wp","href":"https:\/\/api.w.org\/{rel}","templated":true}]}}