{"id":97188,"date":"2026-05-03T11:01:05","date_gmt":"2026-05-03T11:01:05","guid":{"rendered":"https:\/\/neutrale.al\/?p=97188"},"modified":"2026-05-03T11:01:05","modified_gmt":"2026-05-03T11:01:05","slug":"belind-kellici-kur-gogu-fajeson-lamallarin","status":"publish","type":"post","link":"https:\/\/neutrale.al\/index.php\/2026\/05\/03\/belind-kellici-kur-gogu-fajeson-lamallarin\/","title":{"rendered":"Belind K\u00eblli\u00e7i\/ Kur Gogu faj\u00ebson Lamallarin!"},"content":{"rendered":"<p>Nj\u00eb video e publikuar nga gazetari Flamur Vezaj, tregon se si n\u00eb shkelje t\u00eb \u00e7do rregulli, nj\u00eb band\u00eb e lidhur me qeverin\u00eb b\u00ebnte aheng n\u00eb burg dhe posedonte \u00e7do gj\u00eb q\u00eb \u00ebsht\u00eb e ndaluar dhe e paligjshme.<\/p>\n<p>\u00c7do gj\u00eb q\u00eb ata e kan\u00eb zakonisht kur jan\u00eb jasht\u00eb dhe n\u00eb liri, e kishin dhe n\u00eb at\u00eb qeli. Telefona, alkool, l\u00ebnd\u00eb narkotike dhe ushtar\u00eb.<\/p>\n<p>Ky denoncim \u00ebsht\u00eb n\u00eb fakt konfirmim i asaj q\u00eb njihet dhe ne e themi vazhdimisht, se grupet kriminale jan\u00eb t\u00eb lidhura me qeverin\u00eb dhe nuk i humbasin privilegjet edhe kur p\u00ebrfundojn\u00eb brenda. Brenda p\u00ebrfundojn\u00eb kryesisht p\u00ebr shkak t\u00eb provave q\u00eb sjellin agjencit\u00eb e vendeve partnere.<\/p>\n<p>Por ka di\u00e7ka q\u00eb t\u00eb b\u00ebn p\u00ebrshtypje n\u00eb reagimin e Drejtoris\u00eb s\u00eb Burgjeve, pra t\u00eb Ministrit t\u00eb Drejt\u00ebsis\u00eb, Toni Gogu, pas k\u00ebtij skandali. Kujdesi i tij p\u00ebr t\u00eb v\u00ebn\u00eb theksin se kjo ngjarje ka ndodhur para Janarit. Pra ka ndodhur, p\u00ebrpara se ai t\u00eb b\u00ebhej Minist\u00ebr\u2026 <\/p>\n<p>Ai tregon me gisht se fajin e ka Lamallari, i cili, pas Ministris\u00eb s\u00eb Drejt\u00ebsis\u00eb u gradua n\u00eb Minist\u00ebr i Brendsh\u00ebm.<\/p>\n<p>Po t\u00eb pyetet Lamallari, ai me gjas\u00eb do t\u00eb thot\u00eb se ka ndodhur n\u00eb koh\u00ebn e Ulsiut. Nd\u00ebrsa Ulsiu do ja pasonte paraardh\u00ebsit.<br \/>\nDuke shkuar tek deviza e Edi Ram\u00ebs, se dhe kjo ishte nj\u00eb tenxhere, dhe n\u00eb fund si gjithmon\u00eb, fajin e ka Saliu! <\/p>\n<p>Mosmbajtja e p\u00ebrgjegj\u00ebsis\u00eb, mohimi i realitetit dhe mungesa e reflektimit nuk i b\u00ebn qeveritar\u00ebt t\u00eb duken as engj\u00ebj, as t\u00eb pafajsh\u00ebm. <\/p>\n<p>Por i b\u00ebn edhe m\u00eb qesharak\u00eb, p\u00ebrpos se figurant\u00eb n\u00eb nj\u00eb skem\u00eb t\u00eb madhe, kur krimi q\u00eb kishte koordinator n\u00eb paradhom\u00ebn e kryeministrit, patjet\u00ebr se do t\u00eb ket\u00eb privilegje edhe n\u00eb burg, si pjes\u00eb e ndarjes dhe ushtrimit t\u00eb pushtetit me Edi Ram\u00ebn.<\/p>\n<p><img loading=\"lazy\" loading=\"lazy\" decoding=\"async\" src=\"https:\/\/neutrale.al\/wp-content\/uploads\/2026\/05\/40c1bb4b-840f-4649-a5bc-fb24b2c38568-300x174.jpeg\" alt=\"\" width=\"300\" height=\"174\" class=\"alignnone size-medium wp-image-97189\" srcset=\"https:\/\/neutrale.al\/wp-content\/uploads\/2026\/05\/40c1bb4b-840f-4649-a5bc-fb24b2c38568-300x174.jpeg 300w, https:\/\/neutrale.al\/wp-content\/uploads\/2026\/05\/40c1bb4b-840f-4649-a5bc-fb24b2c38568-768x446.jpeg 768w, https:\/\/neutrale.al\/wp-content\/uploads\/2026\/05\/40c1bb4b-840f-4649-a5bc-fb24b2c38568-860x500.jpeg 860w, https:\/\/neutrale.al\/wp-content\/uploads\/2026\/05\/40c1bb4b-840f-4649-a5bc-fb24b2c38568.jpeg 900w\" sizes=\"auto, (max-width: 300px) 100vw, 300px\" \/><\/p>\n","protected":false},"excerpt":{"rendered":"<p>Nj\u00eb video e publikuar nga gazetari Flamur Vezaj, tregon se si n\u00eb shkelje t\u00eb \u00e7do rregulli, nj\u00eb band\u00eb e lidhur me qeverin\u00eb b\u00ebnte aheng n\u00eb burg dhe posedonte \u00e7do gj\u00eb q\u00eb \u00ebsht\u00eb e ndaluar dhe e paligjshme. \u00c7do gj\u00eb q\u00eb ata e kan\u00eb zakonisht kur jan\u00eb jasht\u00eb dhe n\u00eb liri, e kishin dhe n\u00eb at\u00eb [&hellip;]<\/p>\n","protected":false},"author":2,"featured_media":97190,"comment_status":"open","ping_status":"open","sticky":false,"template":"","format":"standard","meta":{"footnotes":""},"categories":[118,9],"tags":[],"class_list":{"0":"post-97188","1":"post","2":"type-post","3":"status-publish","4":"format-standard","5":"has-post-thumbnail","7":"category-kryesore","8":"category-politika"},"_links":{"self":[{"href":"https:\/\/neutrale.al\/index.php\/wp-json\/wp\/v2\/posts\/97188","targetHints":{"allow":["GET"]}}],"collection":[{"href":"https:\/\/neutrale.al\/index.php\/wp-json\/wp\/v2\/posts"}],"about":[{"href":"https:\/\/neutrale.al\/index.php\/wp-json\/wp\/v2\/types\/post"}],"author":[{"embeddable":true,"href":"https:\/\/neutrale.al\/index.php\/wp-json\/wp\/v2\/users\/2"}],"replies":[{"embeddable":true,"href":"https:\/\/neutrale.al\/index.php\/wp-json\/wp\/v2\/comments?post=97188"}],"version-history":[{"count":1,"href":"https:\/\/neutrale.al\/index.php\/wp-json\/wp\/v2\/posts\/97188\/revisions"}],"predecessor-version":[{"id":97191,"href":"https:\/\/neutrale.al\/index.php\/wp-json\/wp\/v2\/posts\/97188\/revisions\/97191"}],"wp:featuredmedia":[{"embeddable":true,"href":"https:\/\/neutrale.al\/index.php\/wp-json\/wp\/v2\/media\/97190"}],"wp:attachment":[{"href":"https:\/\/neutrale.al\/index.php\/wp-json\/wp\/v2\/media?parent=97188"}],"wp:term":[{"taxonomy":"category","embeddable":true,"href":"https:\/\/neutrale.al\/index.php\/wp-json\/wp\/v2\/categories?post=97188"},{"taxonomy":"post_tag","embeddable":true,"href":"https:\/\/neutrale.al\/index.php\/wp-json\/wp\/v2\/tags?post=97188"}],"curies":[{"name":"wp","href":"https:\/\/api.w.org\/{rel}","templated":true}]}}