{"id":97166,"date":"2026-04-30T15:17:12","date_gmt":"2026-04-30T15:17:12","guid":{"rendered":"https:\/\/neutrale.al\/?p=97166"},"modified":"2026-04-30T15:17:12","modified_gmt":"2026-04-30T15:17:12","slug":"fuqizohet-nenstacioni-elektrik-ne-golem-plan-investimi-per-gjithe-bregdetin","status":"publish","type":"post","link":"https:\/\/neutrale.al\/index.php\/2026\/04\/30\/fuqizohet-nenstacioni-elektrik-ne-golem-plan-investimi-per-gjithe-bregdetin\/","title":{"rendered":"Fuqizohet n\u00ebnstacioni elektrik n\u00eb Golem, plan investimi p\u00ebr gjith\u00eb bregdetin"},"content":{"rendered":"<p>Ministri i Infrastruktur\u00ebs dhe Energjis\u00eb, Enea Karaka\u00e7i inspektoi sot investimet n\u00eb n\u00ebnstacionin elektrik t\u00eb Golemit, n\u00eb kuad\u00ebr t\u00eb planit t\u00eb masave p\u00ebr p\u00ebrmir\u00ebsimin e furnizimit me energji n\u00eb zonat turistike dhe bregdetare.<\/p>\n<p>Gjat\u00eb inspektimit, ministri theksoi se n\u00ebnstacioni i ri ka dyfishuar kapacitetin, duke kaluar nga 31,5 mega n\u00eb 80 mega, \u00e7ka pritet t\u00eb jap\u00eb nj\u00eb zgjidhje afatgjat\u00eb p\u00ebr furnizimin me energji p\u00ebr rreth 50 mij\u00eb banor\u00eb n\u00eb zonat e Golemit dhe Malit t\u00eb Robit.<\/p>\n<p>Karaka\u00e7i u shpreh se investimi \u00ebsht\u00eb pjes\u00eb e nj\u00eb plani m\u00eb t\u00eb gjer\u00eb t\u00eb nd\u00ebrmarr\u00eb nga OSSH p\u00ebr vitin 2026, q\u00eb synon p\u00ebrmir\u00ebsimin e infrastruktur\u00ebs energjetike n\u00eb t\u00eb gjith\u00eb bregdetin.<\/p>\n<p>Nga ana e tij, kreu i OSSH-s\u00eb, Bendian Dalipi, b\u00ebri t\u00eb ditur se n\u00ebnstacioni i Golemit furnizon t\u00eb gjith\u00eb vij\u00ebn bregdetare nga Golemi deri n\u00eb Qerret dhe \u00ebsht\u00eb thelb\u00ebsor p\u00ebr p\u00ebrballimin e rritjes s\u00eb k\u00ebrkes\u00ebs, si pasoj\u00eb e zhvillimit intensiv urbanistik n\u00eb zon\u00eb.<\/p>\n<p>Ai shtoi se p\u00ebrve\u00e7 rritjes s\u00eb kapaciteteve, jan\u00eb planifikuar edhe investime t\u00eb tjera n\u00eb rrjet, p\u00ebr t\u2019iu p\u00ebrgjigjur nd\u00ebrtimeve t\u00eb reja dhe rritjes s\u00eb konsumit.<\/p>\n<p>Sipas tij, OSSH ka nisur edhe procesin e fuqizimit t\u00eb n\u00ebnstacionit t\u00eb Porto Romanos, ku parashikohet shtimi i nj\u00eb transformatori t\u00eb dyt\u00eb dhe rritja e kapacitetit nga 50 mega n\u00eb 100 mega.<\/p>\n<p>Po ashtu, n\u00eb zon\u00ebn e plazhit t\u00eb Golemit po investohet n\u00eb kabina t\u00eb reja 20 kV, duke z\u00ebvend\u00ebsuar rrjetin ekzistues 6 kV, si dhe n\u00eb linja t\u00eb reja shp\u00ebrndarjeje, me q\u00ebllim rritjen e siguris\u00eb dhe cil\u00ebsis\u00eb s\u00eb furnizimit.<\/p>\n<p>Ministri Karaka\u00e7i theksoi se k\u00ebto investime jan\u00eb t\u00eb r\u00ebnd\u00ebsishme jo vet\u00ebm p\u00ebr uljen e humbjeve n\u00eb rrjet, por edhe p\u00ebr garantimin e nj\u00eb furnizimi t\u00eb q\u00ebndruesh\u00ebm dhe cil\u00ebsor p\u00ebr banor\u00ebt dhe bizneset, ve\u00e7an\u00ebrisht gjat\u00eb sezonit turistik.<\/p>\n<p>Ai n\u00ebnvizoi gjithashtu se investimet n\u00eb rrjetin e tensionit t\u00eb mes\u00ebm shoq\u00ebrohen paralelisht me nd\u00ebrhyrje n\u00eb rrjetin e tensionit t\u00eb ul\u00ebt, duke synuar minimizimin e nd\u00ebrprerjeve dhe defekteve.<\/p>\n<p>Ministri informoi se edhe n\u00eb zon\u00ebn e Spilles\u00eb ka p\u00ebrfunduar faza e par\u00eb e investimeve n\u00eb rrjetin e tensionit t\u00eb mes\u00ebm, nd\u00ebrsa parashikohet vijimi i punimeve n\u00eb nj\u00eb faz\u00eb t\u00eb dyt\u00eb, p\u00ebr t\u00eb adresuar problematikat e mbetura.<\/p>\n<p>\u201cT\u00eb gjitha k\u00ebto investime jan\u00eb pjes\u00eb e nj\u00eb plani t\u00eb integruar masash, q\u00eb synon t\u2019i jap\u00eb zgjidhje p\u00ebrfundimtare furnizimit me energji n\u00eb zonat turistike t\u00eb bregdetit t\u00eb Adriatikut, si dhe t\u00eb mb\u00ebshtes\u00eb zhvillimin e m\u00ebtejsh\u00ebm t\u00eb k\u00ebtyre zonave\u201d, u shpreh Karaka\u00e7i.<\/p>\n<p>Nga ana e tij, Dalipi b\u00ebri t\u00eb ditur se OSSH \u00ebsht\u00eb n\u00eb proces t\u00eb p\u00ebrmir\u00ebsimit t\u00eb balancimit t\u00eb rrjetit, n\u00eb bashk\u00ebpunim me OST, me q\u00ebllim menaxhimin m\u00eb t\u00eb mir\u00eb t\u00eb flukseve t\u00eb energjis\u00eb dhe shmangien e mbingarkesave.<\/p>\n<p>Ai shtoi se \u00ebsht\u00eb hartuar edhe nj\u00eb plan p\u00ebr operimin me personel t\u00eb shtuar gjat\u00eb sezonit veror.<\/p>\n<p>\u201cSezoni turistik na gjen m\u00eb mir\u00eb se nj\u00eb vit m\u00eb par\u00eb dhe do t\u00eb jemi n\u00eb kushte m\u00eb t\u00eb mira teknike dhe organizative p\u00ebr p\u00ebrballimin e fluksit\u201d, theksoi Dalipi.<\/p>\n","protected":false},"excerpt":{"rendered":"<p>Ministri i Infrastruktur\u00ebs dhe Energjis\u00eb, Enea Karaka\u00e7i inspektoi sot investimet n\u00eb n\u00ebnstacionin elektrik t\u00eb Golemit, n\u00eb kuad\u00ebr t\u00eb planit t\u00eb masave p\u00ebr p\u00ebrmir\u00ebsimin e furnizimit me energji n\u00eb zonat turistike dhe bregdetare. Gjat\u00eb inspektimit, ministri theksoi se n\u00ebnstacioni i ri ka dyfishuar kapacitetin, duke kaluar nga 31,5 mega n\u00eb 80 mega, \u00e7ka pritet t\u00eb jap\u00eb [&hellip;]<\/p>\n","protected":false},"author":2,"featured_media":97167,"comment_status":"open","ping_status":"open","sticky":false,"template":"","format":"standard","meta":{"footnotes":""},"categories":[1],"tags":[],"class_list":{"0":"post-97166","1":"post","2":"type-post","3":"status-publish","4":"format-standard","5":"has-post-thumbnail","7":"category-te-tjera"},"_links":{"self":[{"href":"https:\/\/neutrale.al\/index.php\/wp-json\/wp\/v2\/posts\/97166","targetHints":{"allow":["GET"]}}],"collection":[{"href":"https:\/\/neutrale.al\/index.php\/wp-json\/wp\/v2\/posts"}],"about":[{"href":"https:\/\/neutrale.al\/index.php\/wp-json\/wp\/v2\/types\/post"}],"author":[{"embeddable":true,"href":"https:\/\/neutrale.al\/index.php\/wp-json\/wp\/v2\/users\/2"}],"replies":[{"embeddable":true,"href":"https:\/\/neutrale.al\/index.php\/wp-json\/wp\/v2\/comments?post=97166"}],"version-history":[{"count":1,"href":"https:\/\/neutrale.al\/index.php\/wp-json\/wp\/v2\/posts\/97166\/revisions"}],"predecessor-version":[{"id":97168,"href":"https:\/\/neutrale.al\/index.php\/wp-json\/wp\/v2\/posts\/97166\/revisions\/97168"}],"wp:featuredmedia":[{"embeddable":true,"href":"https:\/\/neutrale.al\/index.php\/wp-json\/wp\/v2\/media\/97167"}],"wp:attachment":[{"href":"https:\/\/neutrale.al\/index.php\/wp-json\/wp\/v2\/media?parent=97166"}],"wp:term":[{"taxonomy":"category","embeddable":true,"href":"https:\/\/neutrale.al\/index.php\/wp-json\/wp\/v2\/categories?post=97166"},{"taxonomy":"post_tag","embeddable":true,"href":"https:\/\/neutrale.al\/index.php\/wp-json\/wp\/v2\/tags?post=97166"}],"curies":[{"name":"wp","href":"https:\/\/api.w.org\/{rel}","templated":true}]}}