{"id":97163,"date":"2026-04-30T15:11:15","date_gmt":"2026-04-30T15:11:15","guid":{"rendered":"https:\/\/neutrale.al\/?p=97163"},"modified":"2026-04-30T15:11:15","modified_gmt":"2026-04-30T15:11:15","slug":"forumi-i-idu-ne-zagreb-berisha-mes-lidereve-globale-pjese-e-panelit-te-rendesishem-per-ballkanin","status":"publish","type":"post","link":"https:\/\/neutrale.al\/index.php\/2026\/04\/30\/forumi-i-idu-ne-zagreb-berisha-mes-lidereve-globale-pjese-e-panelit-te-rendesishem-per-ballkanin\/","title":{"rendered":"Forumi i IDU n\u00eb Zagreb\/ Berisha mes lider\u00ebve global\u00eb, pjes\u00eb e panelit t\u00eb r\u00ebnd\u00ebsish\u00ebm p\u00ebr Ballkanin"},"content":{"rendered":"<p>Punimet e Forumit t\u00eb International Democrat Union (IDU) vijojn\u00eb sot n\u00eb dit\u00ebn e dyt\u00eb n\u00eb Zagreb, duke mbledhur lider\u00eb dhe figura t\u00eb r\u00ebnd\u00ebsishme politike nga e gjith\u00eb bota p\u00ebr t\u00eb diskutuar sfidat globale dhe rolin e s\u00eb djatht\u00ebs n\u00eb nj\u00eb rend nd\u00ebrkomb\u00ebtar n\u00eb ndryshim.<br \/>\nForumi u \u00e7el nga kryetari i IDU dhe ish-kryeministri i Kanadas\u00eb, Stephen Harper, s\u00eb bashku me kryeministrin e Kroacis\u00eb, Andrej Plenkovi\u00e7, i cili n\u00eb fjal\u00ebn e tij theksoi domosdoshm\u00ebrin\u00eb e forcimit t\u00eb bashk\u00ebpunimit nd\u00ebrkomb\u00ebtar p\u00ebrball\u00eb krizave t\u00eb siguris\u00eb, zhvillimeve ekonomike dhe presioneve migratore.<br \/>\nNj\u00eb nga sesionet ky\u00e7e t\u00eb paradites, paneli \u201cThe Forgotten Frontier: The Western Balkans and Europe\u2019s Unfinished Promise\u201d (\u201cKufiri i Harruar: Ballkani Per\u00ebndimor dhe Premtimi i Pap\u00ebrfunduar i Europ\u00ebs\u201d), do t\u00eb sjell\u00eb n\u00eb fokus sfidat dhe perspektiv\u00ebn europiane t\u00eb rajonit, ku pritet t\u00eb marr\u00eb fjal\u00ebn edhe kryetari i Partis\u00eb Demokratike, Prof. Dr. Sali Berisha.<br \/>\nN\u00eb diskutimet e dit\u00ebs marrin pjes\u00eb gjithashtu lider\u00eb dhe ish-lider\u00eb t\u00eb r\u00ebnd\u00ebsish\u00ebm nd\u00ebrkomb\u00ebtar\u00eb, si dhe p\u00ebrfaq\u00ebsues t\u00eb lart\u00eb politik\u00eb nga Europa dhe m\u00eb gjer\u00eb.<br \/>\nAgjenda e dit\u00ebs s\u00eb sotme p\u00ebrfshin tema ky\u00e7e si marr\u00ebdh\u00ebniet transatlantike n\u00eb nj\u00eb realitet t\u00eb ri gjeopolitik, siguria n\u00eb Ballkan, si dhe roli i Europ\u00ebs p\u00ebrball\u00eb ndikimit rus. N\u00eb vijim t\u00eb dit\u00ebs do t\u00eb zhvillohen panele mbi migracionin, demografin\u00eb dhe autonomin\u00eb strategjike t\u00eb Europ\u00ebs.<br \/>\nForumi i IDU n\u00eb Zagreb konsiderohet nj\u00eb nga ngjarjet m\u00eb t\u00eb r\u00ebnd\u00ebsishme politike p\u00ebr partit\u00eb e qendr\u00ebs s\u00eb djatht\u00eb, duke sh\u00ebrbyer si nj\u00eb platform\u00eb e r\u00ebnd\u00ebsishme p\u00ebr koordinimin e q\u00ebndrimeve dhe strategjive n\u00eb nj\u00eb periudh\u00eb sfidash t\u00eb theksuara globale.<\/p>\n","protected":false},"excerpt":{"rendered":"<p>Punimet e Forumit t\u00eb International Democrat Union (IDU) vijojn\u00eb sot n\u00eb dit\u00ebn e dyt\u00eb n\u00eb Zagreb, duke mbledhur lider\u00eb dhe figura t\u00eb r\u00ebnd\u00ebsishme politike nga e gjith\u00eb bota p\u00ebr t\u00eb diskutuar sfidat globale dhe rolin e s\u00eb djatht\u00ebs n\u00eb nj\u00eb rend nd\u00ebrkomb\u00ebtar n\u00eb ndryshim. Forumi u \u00e7el nga kryetari i IDU dhe ish-kryeministri i Kanadas\u00eb, [&hellip;]<\/p>\n","protected":false},"author":2,"featured_media":97164,"comment_status":"open","ping_status":"open","sticky":false,"template":"","format":"standard","meta":{"footnotes":""},"categories":[118,9],"tags":[],"class_list":{"0":"post-97163","1":"post","2":"type-post","3":"status-publish","4":"format-standard","5":"has-post-thumbnail","7":"category-kryesore","8":"category-politika"},"_links":{"self":[{"href":"https:\/\/neutrale.al\/index.php\/wp-json\/wp\/v2\/posts\/97163","targetHints":{"allow":["GET"]}}],"collection":[{"href":"https:\/\/neutrale.al\/index.php\/wp-json\/wp\/v2\/posts"}],"about":[{"href":"https:\/\/neutrale.al\/index.php\/wp-json\/wp\/v2\/types\/post"}],"author":[{"embeddable":true,"href":"https:\/\/neutrale.al\/index.php\/wp-json\/wp\/v2\/users\/2"}],"replies":[{"embeddable":true,"href":"https:\/\/neutrale.al\/index.php\/wp-json\/wp\/v2\/comments?post=97163"}],"version-history":[{"count":1,"href":"https:\/\/neutrale.al\/index.php\/wp-json\/wp\/v2\/posts\/97163\/revisions"}],"predecessor-version":[{"id":97165,"href":"https:\/\/neutrale.al\/index.php\/wp-json\/wp\/v2\/posts\/97163\/revisions\/97165"}],"wp:featuredmedia":[{"embeddable":true,"href":"https:\/\/neutrale.al\/index.php\/wp-json\/wp\/v2\/media\/97164"}],"wp:attachment":[{"href":"https:\/\/neutrale.al\/index.php\/wp-json\/wp\/v2\/media?parent=97163"}],"wp:term":[{"taxonomy":"category","embeddable":true,"href":"https:\/\/neutrale.al\/index.php\/wp-json\/wp\/v2\/categories?post=97163"},{"taxonomy":"post_tag","embeddable":true,"href":"https:\/\/neutrale.al\/index.php\/wp-json\/wp\/v2\/tags?post=97163"}],"curies":[{"name":"wp","href":"https:\/\/api.w.org\/{rel}","templated":true}]}}