{"id":97160,"date":"2026-04-30T15:10:21","date_gmt":"2026-04-30T15:10:21","guid":{"rendered":"https:\/\/neutrale.al\/?p=97160"},"modified":"2026-04-30T15:10:21","modified_gmt":"2026-04-30T15:10:21","slug":"balla-perballet-me-malltezin-ne-gjykate","status":"publish","type":"post","link":"https:\/\/neutrale.al\/index.php\/2026\/04\/30\/balla-perballet-me-malltezin-ne-gjykate\/","title":{"rendered":"Balla p\u00ebrballet me Malltezin n\u00eb Gjykat\u00eb"},"content":{"rendered":"<p>N\u00eb seanc\u00ebn e sotme i pari d\u00ebshmitar q\u00eb po d\u00ebshmon, \u00ebsht\u00eb Taulant Balla,  si kall\u00ebzues i dosjes \u2018Partizani\u2019.<\/p>\n<p>N\u00eb hyrje t\u00eb seanc\u00ebs gjykata i la pak minuta kamerat, por m\u00eb pas vendosi q\u00eb t\u00eb vazhdohet me dyer t\u00eb mbyllura p\u00ebr mediat, nd\u00ebrkoh\u00eb m\u00ebsohet se ka pasur nj\u00eb p\u00ebrplasje mes Ball\u00ebs dhe Malltezit i cili ndodhet n\u00eb seanc\u00eb.<\/p>\n<p>Balla u \u00ebsht\u00eb p\u00ebrgjigjur pyetjeve, nd\u00ebrsa e ka cil\u00ebsuar \u00e7\u00ebshtjen si nj\u00eb rast i past\u00ebr korrupsioni, argument i cili \u00ebsht\u00eb kund\u00ebrshtuar nga Malltezi.<\/p>\n<p>Diskutime n\u00eb seanc\u00eb:<\/p>\n<p>Prokuroria: Ku i keni mb\u00ebshtetur t\u00eb dh\u00ebnat?<\/p>\n<p>Gjykata: T\u00eb lutem hiqi q\u00eb aktet q\u00eb ke para se nuk lejohet<\/p>\n<p>Taulant Balla: Prej 2012 e n\u00eb vazhdim kam paraqitur dyshimet e mia lidhur me m\u00ebnyr\u00ebn se si \u00ebsht\u00eb proceduar p\u00ebr Sport Klub Partizanin. T\u00eb nderuar an\u00ebtar\u00eb t\u00eb trupit gjykues, nga nj\u00eb num\u00ebr shum\u00eb i madh pronash t\u00eb Ministris\u00eb s\u00eb Mbrojtjes binte n\u00eb sy se si, n\u00eb m\u00ebnyr\u00eb kaq t\u00eb shpejt\u00eb, ishte kryer vet\u00ebm nj\u00eb privatizim, kthim tek ish-pronar\u00ebt n\u00eb nj\u00eb koh\u00eb rekord.<\/p>\n<p>N\u00eb nj\u00eb koh\u00eb q\u00eb ish-pronar\u00ebt vuajn\u00eb p\u00ebr t\u2019u kthyer pron\u00ebn e tyre, ishte b\u00ebr\u00eb procedura e njohjes s\u00eb kthimit dhe madje edhe procedura e privatizimit t\u00eb godin\u00ebs. Po kthehem n\u00eb vitin 2012, kur kam b\u00ebr\u00eb investigime si deputet i opozit\u00ebs dhe si sportdash\u00ebs, p\u00ebr t\u00eb treguar se si ishte hequr, dhe aty e keni me prova se si n\u00eb nj\u00eb dokument \u00ebsht\u00eb n\u00eb plan p\u00ebrhapjeje dhe n\u00eb tjetrin jo.<\/p>\n<p>SPAK: Ju keni ngritur dyshime p\u00ebr origjin\u00ebn e pron\u00ebsis\u00eb, pasi pretenduat se jan\u00eb d\u00ebmshp\u00ebrblyer?<\/p>\n<p>Balla: Jam njohur nga mediat me nj\u00eb dokument ku thuhej se pronar\u00ebt jan\u00eb d\u00ebmshp\u00ebrblyer shum\u00eb vite m\u00eb par\u00eb. Dihej bot\u00ebrisht q\u00eb qeveria italiane nuk mund t\u00eb nd\u00ebrtonte nj\u00eb aeroport pa pasur nj\u00eb dokument pron\u00ebsie.<\/p>\n<p>A ju kujton gj\u00eb shoq\u00ebria G Kamp?<\/p>\n<p>Balla: Jo, nuk m\u00eb kujtohet.<\/p>\n<p>Malltezi: Na sqaro pozicionin q\u00eb mbani. Sa vjet keni qen\u00eb deputet?<\/p>\n<p>Taulant Balla: Nga 2005.<\/p>\n<p>Malltezi: N\u00eb \u00e7far\u00eb pozicioni keni qen\u00eb kur keni b\u00ebr\u00eb kall\u00ebzimin n\u00eb SPAK?<\/p>\n<p>Balla: 17 n\u00ebntor 2020 kam qen\u00eb kryetar i grupit parlamentar t\u00eb PS.<\/p>\n<p>Malltezi: Pra e keni paraqitur n\u00eb k\u00ebt\u00eb pozicion dhe jo si shtetas?<\/p>\n<p>Balla: E kam b\u00ebr\u00eb si qytetar.<\/p>\n<p>Malltezi: I t\u00ebrheq v\u00ebmendjen, d\u00ebshmitari po thot\u00eb nj\u00eb t\u00eb pav\u00ebrtet\u00eb. A ka qen\u00eb kjo nism\u00eb?<\/p>\n<p>Balla: Kur vihesh n\u00eb dijeni t\u00eb nj\u00eb vepre penale, duhet ta v\u00ebsh n\u00eb dijeni; e kam kryer k\u00ebt\u00eb detyr\u00eb si qytetar dhe si deputet dhe \u00ebsht\u00eb nder.<\/p>\n<p>Malltezi: A ka qen\u00eb nism\u00eb e grupit parlamentar apo e juaja?<\/p>\n<p>Balla: \u00cbsht\u00eb veprimtari e nd\u00ebrgjegjshme, ka qen\u00eb vendim i imi personal, jo i grupit.<\/p>\n<p>Malltezi: A i keni marr\u00eb ju t\u00eb gjitha provat dhe ia keni bashkangjitur kall\u00ebzimit, po apo jo?<\/p>\n<p>Balla: Kjo ka qen\u00eb nj\u00eb pun\u00eb hetimore shum\u00ebvje\u00e7are, ka nisur q\u00eb n\u00eb 2012. Kam administruar dokumente nga burime t\u00eb ndryshme dhe i kam depozituar n\u00eb SPAK.<\/p>\n<p>Malltezi: Si i keni siguruar si prova?<\/p>\n<p>Balla: Ato dokumente q\u00eb mi kan\u00eb v\u00ebn\u00eb n\u00eb dispozicion, ia kam v\u00ebn\u00eb prokuroris\u00eb.<\/p>\n<p>Malltezi: Si jan\u00eb marr\u00eb provat, ka kopje pasaportash, numra personal. Nuk b\u00ebhet fjal\u00eb vet\u00ebm p\u00ebr Berish\u00ebn.<\/p>\n<p>Balla: Jam drejtuar institucioneve. Nj\u00eb pjes\u00eb e dokumentacionit zyrtarisht, nj\u00eb pjes\u00eb prej qytetar\u00ebve.<\/p>\n<p>Malltezi: Alket Hyseni, a t\u00eb kujtohet?<\/p>\n<p>Balla: Ka qen\u00eb deputet.<\/p>\n<p>Malltezi: A e keni angazhuar ju apo jo si zyr\u00eb avokatie?<\/p>\n<p>Balla: Jo.<\/p>\n<p>Malltezi: Deputeti Alket Hyseni, a mund t\u00eb ushtronte aktivitet provat?<\/p>\n<p>Balla: Nuk e di.<\/p>\n<p>Malltezi: Kur i dor\u00ebzuat provat, a ju pyeti prokurori se ku i gjet\u00ebt provat?<\/p>\n<p>Balla: U jam p\u00ebrgjigjur t\u00eb gjitha pyetjeve q\u00eb zonja prokurore m\u00eb ka b\u00ebr\u00eb.<\/p>\n<p>Malltezi: Ju keni b\u00ebr\u00eb kall\u00ebzim dhe thoni bazuar n\u00eb prova. Sot dol\u00ebt tek bler\u00ebsimet, sot i bazoni n\u00eb vler\u00ebsim apo prova?<\/p>\n<p>Balla: Zonja gjyqtare, kall\u00ebzime kryhen mbi dyshime, k\u00ebto dyshime shoq\u00ebrohen me disa dokumente q\u00eb kan\u00eb bashk\u00ebngjitur kall\u00ebzimin.<\/p>\n<p>Malltezi: Thoni afer\u00eb korruptive, \u00e7far\u00eb afere?<\/p>\n<p>Balla: Nuk ka nj\u00eb vep\u00ebr m\u00eb t\u00eb qart\u00eb se kjo, se si merret nj\u00eb pron\u00eb shtet\u00ebrore dhe privatizohet n\u00eb m\u00ebnyr\u00eb t\u00eb paligjshme.<\/p>\n<p>Malltezi: D\u00ebshmitari tha q\u00eb i ka marr\u00eb vet\u00eb provat dhe se k\u00ebto prona jan\u00eb tjet\u00ebrsuar brenda 6 muajsh. Dokumenti i kthimit t\u00eb pron\u00ebs thot\u00eb q\u00eb \u00ebsht\u00eb b\u00ebr\u00eb n\u00eb 1999. A jan\u00eb gjasht\u00eb muaj?<\/p>\n<p>Balla: Kjo procedur\u00eb, nga informacioni q\u00eb kam un\u00eb, \u00ebsht\u00eb b\u00ebr\u00eb n\u00eb nj\u00eb periudh\u00eb shum\u00eb t\u00eb shkurt\u00ebr.<\/p>\n<p>Malltezi: Zoti ka pasur dokumentet, njohja n\u00eb 1999, kthimi n\u00eb 2007.<\/p>\n<p>Balla: Kemi t\u00eb b\u00ebjm\u00eb me nj\u00eb pron\u00eb q\u00eb n\u00eb 2007 ishte n\u00eb planin e p\u00ebrhapjes dhe nga ky moment deri n\u00eb privatizim kan\u00eb kaluar 6 muaj. Mua m\u00eb intereson fakti se si kjo pron\u00eb p\u00ebr 6 muaj iu hoq ministris\u00eb dhe i kaloi privatit.<\/p>\n<p>Malltezi: Cili ka qen\u00eb kund\u00ebrplani i p\u00ebrhapjes?<\/p>\n<p>Balla: Nuk m\u00eb kujtohet emri, e keni n\u00eb kall\u00ebzim.<\/p>\n<p>Malltezi: Cila \u00ebsht\u00eb procedura nga nxjerrja e planit t\u00eb p\u00ebrhapjes?<\/p>\n","protected":false},"excerpt":{"rendered":"<p>N\u00eb seanc\u00ebn e sotme i pari d\u00ebshmitar q\u00eb po d\u00ebshmon, \u00ebsht\u00eb Taulant Balla, si kall\u00ebzues i dosjes \u2018Partizani\u2019. N\u00eb hyrje t\u00eb seanc\u00ebs gjykata i la pak minuta kamerat, por m\u00eb pas vendosi q\u00eb t\u00eb vazhdohet me dyer t\u00eb mbyllura p\u00ebr mediat, nd\u00ebrkoh\u00eb m\u00ebsohet se ka pasur nj\u00eb p\u00ebrplasje mes Ball\u00ebs dhe Malltezit i cili ndodhet [&hellip;]<\/p>\n","protected":false},"author":2,"featured_media":97161,"comment_status":"open","ping_status":"open","sticky":false,"template":"","format":"standard","meta":{"footnotes":""},"categories":[118,9],"tags":[],"class_list":{"0":"post-97160","1":"post","2":"type-post","3":"status-publish","4":"format-standard","5":"has-post-thumbnail","7":"category-kryesore","8":"category-politika"},"_links":{"self":[{"href":"https:\/\/neutrale.al\/index.php\/wp-json\/wp\/v2\/posts\/97160","targetHints":{"allow":["GET"]}}],"collection":[{"href":"https:\/\/neutrale.al\/index.php\/wp-json\/wp\/v2\/posts"}],"about":[{"href":"https:\/\/neutrale.al\/index.php\/wp-json\/wp\/v2\/types\/post"}],"author":[{"embeddable":true,"href":"https:\/\/neutrale.al\/index.php\/wp-json\/wp\/v2\/users\/2"}],"replies":[{"embeddable":true,"href":"https:\/\/neutrale.al\/index.php\/wp-json\/wp\/v2\/comments?post=97160"}],"version-history":[{"count":1,"href":"https:\/\/neutrale.al\/index.php\/wp-json\/wp\/v2\/posts\/97160\/revisions"}],"predecessor-version":[{"id":97162,"href":"https:\/\/neutrale.al\/index.php\/wp-json\/wp\/v2\/posts\/97160\/revisions\/97162"}],"wp:featuredmedia":[{"embeddable":true,"href":"https:\/\/neutrale.al\/index.php\/wp-json\/wp\/v2\/media\/97161"}],"wp:attachment":[{"href":"https:\/\/neutrale.al\/index.php\/wp-json\/wp\/v2\/media?parent=97160"}],"wp:term":[{"taxonomy":"category","embeddable":true,"href":"https:\/\/neutrale.al\/index.php\/wp-json\/wp\/v2\/categories?post=97160"},{"taxonomy":"post_tag","embeddable":true,"href":"https:\/\/neutrale.al\/index.php\/wp-json\/wp\/v2\/tags?post=97160"}],"curies":[{"name":"wp","href":"https:\/\/api.w.org\/{rel}","templated":true}]}}