{"id":97151,"date":"2026-04-29T15:51:51","date_gmt":"2026-04-29T15:51:51","guid":{"rendered":"https:\/\/neutrale.al\/?p=97151"},"modified":"2026-04-29T15:51:51","modified_gmt":"2026-04-29T15:51:51","slug":"vendimi-partia-demokratike-therret-me-30-maj-kuvendin-kombetar-axhenda","status":"publish","type":"post","link":"https:\/\/neutrale.al\/index.php\/2026\/04\/29\/vendimi-partia-demokratike-therret-me-30-maj-kuvendin-kombetar-axhenda\/","title":{"rendered":"Vendimi\/ Partia Demokratike th\u00ebrret me 30 maj Kuvendin Komb\u00ebtar (axhenda)"},"content":{"rendered":"<p>Partia Demokratike ka vendosur thirrjen e Kuvendit Komb\u00ebtar m\u00eb 30 maj 2026, n\u00eb or\u00ebn 11:00. N\u00eb vendimin e b\u00ebr\u00eb publik, \u00ebsht\u00eb p\u00ebrcaktuar edhe rendi i dit\u00ebs.<br \/>\nVendimi p\u00ebr thirrjen e Kuvendit \u00ebsht\u00eb marr\u00eb n\u00eb mb\u00ebshtetje t\u00eb Statutit t\u00eb partis\u00eb dhe parashikon diskutime mbi situat\u00ebn politike n\u00eb vend, sfidat e integrimit evropian, si dhe \u00e7\u00ebshtje q\u00eb lidhen me funksionimin e demokracis\u00eb dhe shtetit ligjor.<br \/>\nN\u00eb fokus do t\u00eb jet\u00eb edhe p\u00ebrcaktimi i vij\u00ebs s\u00eb aksionit politik t\u00eb PD-s\u00eb, nd\u00ebrsa pritet prezantimi i ndryshimeve statutore nga grupet e pun\u00ebs p\u00ebrkat\u00ebse.<br \/>\nN\u00eb axhend\u00eb p\u00ebrfshihen platforma p\u00ebr dixhitalizimin dhe modernizimin e partis\u00eb, si dhe organizimi i strukturave t\u00eb saj n\u00eb diaspor\u00eb.<br \/>\nGjat\u00eb k\u00ebtij Kuvendi do t\u00eb zgjidhen dhe an\u00ebtar\u00ebt e K\u00ebshillit Komb\u00ebtar.<br \/>\nVendimi hyn n\u00eb fuqi menj\u00ebher\u00eb.<\/p>\n<p>ZYRA E MEDIAS DHE KOMUNIKIMIT, PARTIA DEMOKRATIKE<\/p>\n","protected":false},"excerpt":{"rendered":"<p>Partia Demokratike ka vendosur thirrjen e Kuvendit Komb\u00ebtar m\u00eb 30 maj 2026, n\u00eb or\u00ebn 11:00. N\u00eb vendimin e b\u00ebr\u00eb publik, \u00ebsht\u00eb p\u00ebrcaktuar edhe rendi i dit\u00ebs. Vendimi p\u00ebr thirrjen e Kuvendit \u00ebsht\u00eb marr\u00eb n\u00eb mb\u00ebshtetje t\u00eb Statutit t\u00eb partis\u00eb dhe parashikon diskutime mbi situat\u00ebn politike n\u00eb vend, sfidat e integrimit evropian, si dhe \u00e7\u00ebshtje q\u00eb [&hellip;]<\/p>\n","protected":false},"author":2,"featured_media":97152,"comment_status":"open","ping_status":"open","sticky":false,"template":"","format":"standard","meta":{"footnotes":""},"categories":[1],"tags":[],"class_list":{"0":"post-97151","1":"post","2":"type-post","3":"status-publish","4":"format-standard","5":"has-post-thumbnail","7":"category-te-tjera"},"_links":{"self":[{"href":"https:\/\/neutrale.al\/index.php\/wp-json\/wp\/v2\/posts\/97151","targetHints":{"allow":["GET"]}}],"collection":[{"href":"https:\/\/neutrale.al\/index.php\/wp-json\/wp\/v2\/posts"}],"about":[{"href":"https:\/\/neutrale.al\/index.php\/wp-json\/wp\/v2\/types\/post"}],"author":[{"embeddable":true,"href":"https:\/\/neutrale.al\/index.php\/wp-json\/wp\/v2\/users\/2"}],"replies":[{"embeddable":true,"href":"https:\/\/neutrale.al\/index.php\/wp-json\/wp\/v2\/comments?post=97151"}],"version-history":[{"count":1,"href":"https:\/\/neutrale.al\/index.php\/wp-json\/wp\/v2\/posts\/97151\/revisions"}],"predecessor-version":[{"id":97153,"href":"https:\/\/neutrale.al\/index.php\/wp-json\/wp\/v2\/posts\/97151\/revisions\/97153"}],"wp:featuredmedia":[{"embeddable":true,"href":"https:\/\/neutrale.al\/index.php\/wp-json\/wp\/v2\/media\/97152"}],"wp:attachment":[{"href":"https:\/\/neutrale.al\/index.php\/wp-json\/wp\/v2\/media?parent=97151"}],"wp:term":[{"taxonomy":"category","embeddable":true,"href":"https:\/\/neutrale.al\/index.php\/wp-json\/wp\/v2\/categories?post=97151"},{"taxonomy":"post_tag","embeddable":true,"href":"https:\/\/neutrale.al\/index.php\/wp-json\/wp\/v2\/tags?post=97151"}],"curies":[{"name":"wp","href":"https:\/\/api.w.org\/{rel}","templated":true}]}}