{"id":97148,"date":"2026-04-29T15:25:14","date_gmt":"2026-04-29T15:25:14","guid":{"rendered":"https:\/\/neutrale.al\/?p=97148"},"modified":"2026-04-29T15:25:14","modified_gmt":"2026-04-29T15:25:14","slug":"belind-kellici-jane-dy-te-dhena-qe-edhe-pse-ne-burime-te-ndryshme-lidhen-thelbesisht-me-njera-tjetren-dhe-te-dyja-te-cojne-tek-edi-rama","status":"publish","type":"post","link":"https:\/\/neutrale.al\/index.php\/2026\/04\/29\/belind-kellici-jane-dy-te-dhena-qe-edhe-pse-ne-burime-te-ndryshme-lidhen-thelbesisht-me-njera-tjetren-dhe-te-dyja-te-cojne-tek-edi-rama\/","title":{"rendered":"Belind K\u00eblli\u00e7i\/ Jan\u00eb dy t\u00eb dh\u00ebna q\u00eb edhe pse n\u00eb burime t\u00eb ndryshme, lidhen thelb\u00ebsisht me nj\u00ebra tjetr\u00ebn dhe t\u00eb dyja t\u00eb \u00e7ojn\u00eb tek Edi Rama!"},"content":{"rendered":"<p>Sipas studimit t\u00eb Numbeo, nisur nga t\u00eb ardhurat dhe fuqia bler\u00ebse, Tirana p\u00ebr rritjen e \u00e7mimit t\u00eb apartamenteve barazohet me Milanon dhe vendoset n\u00eb 4 qytetet m\u00eb t\u00eb shtrenjta n\u00eb Europ\u00eb, ku nj\u00eb familje i duhen 17.6 vite pun\u00eb p\u00ebr t\u00eb bler\u00eb nj\u00eb banes\u00eb.<\/p>\n<p>E dh\u00ebna tjet\u00ebr vjen nga INSTAT dhe b\u00ebn t\u00eb ditur se pastrimi i parave arriti rekordin e 10 viteve t\u00eb fundit. Dhe \u00ebsht\u00eb pik\u00ebrisht sektori i nd\u00ebrtimit ku ky fenomen \u00ebsht\u00eb i p\u00ebrhapur.  <\/p>\n<p>Gjat\u00eb 2025 kjo veprimtari kriminale u rrit me 11% krahasuar me nj\u00eb vit m\u00eb par\u00eb.<\/p>\n<p>Ko \u00ebsht\u00eb arsyeja kryesore pse \u00e7mimet jan\u00eb kaq t\u00eb larta dhe t\u00eb pap\u00ebrballueshme nga qytetar\u00ebt.<\/p>\n<p>Por t\u00eb dyja k\u00ebto dukuri tregojn\u00eb n\u00eb sfond portretin e Edi Ram\u00ebs.<\/p>\n<p>Ai \u00ebsht\u00eb personi q\u00eb cakton vendet ku do nd\u00ebrtohet, merret me projektet dhe \u00ebsht\u00eb ai q\u00eb jep lejet. Si n\u00eb Tiran\u00eb ashtu dhe n\u00eb zonat turistike.<\/p>\n<p>Pra Edi Rama e drejton k\u00ebt\u00eb industri ku fitimet jan\u00eb t\u00eb larta dhe pastrimi i parave \u00ebsht\u00eb n\u00eb rritje? <\/p>\n<p>Kemi t\u00eb b\u00ebjm\u00eb me t\u00eb ardhura t\u00eb dyshimta e t\u00eb paligjshme nga dy burime kryesore, krimi i organizuar dhe korrupsioni.<\/p>\n<p>Dy fusha ku Edi Rama ka lidhjet e tij t\u00eb fuqishme. Aferat e m\u00ebdha lidhen me vendimet e tij me qeverisjen dhe tenderat e tij. Nd\u00ebrsa krimi i organizuar ka gjetur tek ai partnerin e duhur p\u00ebr t\u00eb penetruar n\u00eb treg.<\/p>\n<p>N\u00ebse \u00ebsht\u00eb dikush drejtp\u00ebrdrejt p\u00ebrgjegj\u00ebs pra p\u00ebr \u00e7mimet e larta t\u00eb apartamenteve dhe p\u00ebr pastrimin e parave t\u00eb krimit, ai \u00ebsht\u00eb Edi Rama.<\/p>\n","protected":false},"excerpt":{"rendered":"<p>Sipas studimit t\u00eb Numbeo, nisur nga t\u00eb ardhurat dhe fuqia bler\u00ebse, Tirana p\u00ebr rritjen e \u00e7mimit t\u00eb apartamenteve barazohet me Milanon dhe vendoset n\u00eb 4 qytetet m\u00eb t\u00eb shtrenjta n\u00eb Europ\u00eb, ku nj\u00eb familje i duhen 17.6 vite pun\u00eb p\u00ebr t\u00eb bler\u00eb nj\u00eb banes\u00eb. E dh\u00ebna tjet\u00ebr vjen nga INSTAT dhe b\u00ebn t\u00eb ditur se [&hellip;]<\/p>\n","protected":false},"author":2,"featured_media":97149,"comment_status":"open","ping_status":"open","sticky":false,"template":"","format":"standard","meta":{"footnotes":""},"categories":[1],"tags":[],"class_list":{"0":"post-97148","1":"post","2":"type-post","3":"status-publish","4":"format-standard","5":"has-post-thumbnail","7":"category-te-tjera"},"_links":{"self":[{"href":"https:\/\/neutrale.al\/index.php\/wp-json\/wp\/v2\/posts\/97148","targetHints":{"allow":["GET"]}}],"collection":[{"href":"https:\/\/neutrale.al\/index.php\/wp-json\/wp\/v2\/posts"}],"about":[{"href":"https:\/\/neutrale.al\/index.php\/wp-json\/wp\/v2\/types\/post"}],"author":[{"embeddable":true,"href":"https:\/\/neutrale.al\/index.php\/wp-json\/wp\/v2\/users\/2"}],"replies":[{"embeddable":true,"href":"https:\/\/neutrale.al\/index.php\/wp-json\/wp\/v2\/comments?post=97148"}],"version-history":[{"count":1,"href":"https:\/\/neutrale.al\/index.php\/wp-json\/wp\/v2\/posts\/97148\/revisions"}],"predecessor-version":[{"id":97150,"href":"https:\/\/neutrale.al\/index.php\/wp-json\/wp\/v2\/posts\/97148\/revisions\/97150"}],"wp:featuredmedia":[{"embeddable":true,"href":"https:\/\/neutrale.al\/index.php\/wp-json\/wp\/v2\/media\/97149"}],"wp:attachment":[{"href":"https:\/\/neutrale.al\/index.php\/wp-json\/wp\/v2\/media?parent=97148"}],"wp:term":[{"taxonomy":"category","embeddable":true,"href":"https:\/\/neutrale.al\/index.php\/wp-json\/wp\/v2\/categories?post=97148"},{"taxonomy":"post_tag","embeddable":true,"href":"https:\/\/neutrale.al\/index.php\/wp-json\/wp\/v2\/tags?post=97148"}],"curies":[{"name":"wp","href":"https:\/\/api.w.org\/{rel}","templated":true}]}}