{"id":97137,"date":"2026-04-29T09:20:05","date_gmt":"2026-04-29T09:20:05","guid":{"rendered":"https:\/\/neutrale.al\/?p=97137"},"modified":"2026-04-29T09:20:05","modified_gmt":"2026-04-29T09:20:05","slug":"cilet-humben-dhe-cilet-fituan-nga-mos-zgjedhja-e-presidentit-ne-kosove-dhe-kalimi-ne-zgjedhje-te-reja","status":"publish","type":"post","link":"https:\/\/neutrale.al\/index.php\/2026\/04\/29\/cilet-humben-dhe-cilet-fituan-nga-mos-zgjedhja-e-presidentit-ne-kosove-dhe-kalimi-ne-zgjedhje-te-reja\/","title":{"rendered":"Cil\u00ebt humb\u00ebn dhe cil\u00ebt fituan nga mos zgjedhja e presidentit n\u00eb Kosov\u00eb dhe kalimi n\u00eb zgjedhje t\u00eb reja&#8230;?"},"content":{"rendered":"<p>Nga Xhevat Mustafa <\/p>\n<p>Me shum\u00eb gjasa, m\u00eb t\u00eb fituarit dhe m\u00eb t\u00eb g\u00ebzuarit nga k\u00ebmb\u00ebngulja e krer\u00ebve t\u00eb &#8220;List\u00ebs Serbe&#8221; dhe t\u00eb partive shqiptare n\u00eb Kosov\u00eb p\u00ebr t\u00eb mos lejuar zgjedhjen e presidentit e nga ky p\u00ebrfundim, q\u00eb e \u00e7on vendin n\u00eb zgjedhje t\u00eb reja parlamentare, t\u00eb treta brenda 15-16 muajve, jan\u00eb Vu\u00e7i\u00e7i n\u00eb Beograd, Rama n\u00eb Tiran\u00eb, Putini n\u00eb Mosk\u00eb&#8230;dhe miq e aleat\u00eb t\u00eb tyre n\u00eb Athin\u00eb, Shkup, Podgoric\u00eb, Sarajev\u00eb&#8230;!? Natyrsh\u00ebm, nga shum\u00eb SHQIPTAR\u00cb, mund t\u00eb shtrohet pyetja: a nuk ndjejn\u00eb sadopak turp e p\u00ebrgjegj\u00ebsi lider\u00ebt e partive shqiptare t\u00eb opozit\u00ebs q\u00eb prej vitesh kan\u00eb p\u00ebrputhje q\u00ebndrimesh dhe votash me List\u00ebn Serbe, &#8220;kukull&#8221; e Vu\u00e7i\u00e7it dhe q\u00eb &#8220;ushqehet me biberon, me qum\u00ebsht pluhur ose lop\u00ebsh Serbie&#8221; prej tij???!!!<\/p>\n<p>Nj\u00eb sqarim p\u00ebr mikeshat dhe miqt\u00eb e mi t\u00eb shumt\u00eb n\u00eb Kosov\u00eb, Shqip\u00ebri, MV, Malin e Zi, Diaspor\u00eb: Nga ky akt pap\u00ebrgjegjshm\u00ebrie komb\u00ebtare dhe politike i klas\u00ebs politike t\u00eb sotme t\u00eb Kosov\u00ebs, mua nuk m\u00eb shqet\u00ebson fare fati i froneve t\u00eb Albin Kurtit dhe Vjosa Osmanit, por vet\u00ebm e sotmja dhe e nes\u00ebrmja e KOSOV\u00cbS dhe e KOMBIT SHQIPTAR!<\/p>\n","protected":false},"excerpt":{"rendered":"<p>Nga Xhevat Mustafa Me shum\u00eb gjasa, m\u00eb t\u00eb fituarit dhe m\u00eb t\u00eb g\u00ebzuarit nga k\u00ebmb\u00ebngulja e krer\u00ebve t\u00eb &#8220;List\u00ebs Serbe&#8221; dhe t\u00eb partive shqiptare n\u00eb Kosov\u00eb p\u00ebr t\u00eb mos lejuar zgjedhjen e presidentit e nga ky p\u00ebrfundim, q\u00eb e \u00e7on vendin n\u00eb zgjedhje t\u00eb reja parlamentare, t\u00eb treta brenda 15-16 muajve, jan\u00eb Vu\u00e7i\u00e7i n\u00eb Beograd, [&hellip;]<\/p>\n","protected":false},"author":2,"featured_media":97138,"comment_status":"open","ping_status":"open","sticky":false,"template":"","format":"standard","meta":{"footnotes":""},"categories":[1],"tags":[],"class_list":{"0":"post-97137","1":"post","2":"type-post","3":"status-publish","4":"format-standard","5":"has-post-thumbnail","7":"category-te-tjera"},"_links":{"self":[{"href":"https:\/\/neutrale.al\/index.php\/wp-json\/wp\/v2\/posts\/97137","targetHints":{"allow":["GET"]}}],"collection":[{"href":"https:\/\/neutrale.al\/index.php\/wp-json\/wp\/v2\/posts"}],"about":[{"href":"https:\/\/neutrale.al\/index.php\/wp-json\/wp\/v2\/types\/post"}],"author":[{"embeddable":true,"href":"https:\/\/neutrale.al\/index.php\/wp-json\/wp\/v2\/users\/2"}],"replies":[{"embeddable":true,"href":"https:\/\/neutrale.al\/index.php\/wp-json\/wp\/v2\/comments?post=97137"}],"version-history":[{"count":1,"href":"https:\/\/neutrale.al\/index.php\/wp-json\/wp\/v2\/posts\/97137\/revisions"}],"predecessor-version":[{"id":97139,"href":"https:\/\/neutrale.al\/index.php\/wp-json\/wp\/v2\/posts\/97137\/revisions\/97139"}],"wp:featuredmedia":[{"embeddable":true,"href":"https:\/\/neutrale.al\/index.php\/wp-json\/wp\/v2\/media\/97138"}],"wp:attachment":[{"href":"https:\/\/neutrale.al\/index.php\/wp-json\/wp\/v2\/media?parent=97137"}],"wp:term":[{"taxonomy":"category","embeddable":true,"href":"https:\/\/neutrale.al\/index.php\/wp-json\/wp\/v2\/categories?post=97137"},{"taxonomy":"post_tag","embeddable":true,"href":"https:\/\/neutrale.al\/index.php\/wp-json\/wp\/v2\/tags?post=97137"}],"curies":[{"name":"wp","href":"https:\/\/api.w.org\/{rel}","templated":true}]}}