{"id":97132,"date":"2026-04-28T20:26:18","date_gmt":"2026-04-28T20:26:18","guid":{"rendered":"https:\/\/neutrale.al\/?p=97132"},"modified":"2026-04-28T20:26:18","modified_gmt":"2026-04-28T20:26:18","slug":"ted-kopliku-ku-kena-perfundu","status":"publish","type":"post","link":"https:\/\/neutrale.al\/index.php\/2026\/04\/28\/ted-kopliku-ku-kena-perfundu\/","title":{"rendered":"Ted Kopliku\/ Ku kena p\u00ebrfundu! (?)"},"content":{"rendered":"<p>Nj\u00eb media dikur promovuese e z\u00ebrit t\u00eb rinjve, sot m\u00eb shum\u00eb mb\u00ebshtet\u00ebse e veprave madhore t\u00eb Benet Becit, mes qindra reagimeve q\u00eb kam b\u00ebr\u00eb nga 2023, kur kishte publikuar reagimin tim t\u00eb fundit (para se Beneti t\u00eb zgjidhej), kishte zgjedhur t\u00eb publikonte nj\u00eb &#8220;reagim&#8221; timin: nj\u00eb fjali t\u00eb vetme habitore.<\/p>\n<p>&#8220;Ted Kopliku reagon: ku kena p\u00ebrfundu!&#8221;<\/p>\n<p>Mes mij\u00ebra fjalish reaguese q\u00eb nga maji 2023, i referohej habis\u00eb time kur d\u00ebgjova podcast-in e gjyqtares s\u00eb par\u00eb shqiptare n\u00eb Amerik\u00eb, Edit Shkrelit, me Kryeministrin e vendit.<\/p>\n<p>N\u00eb respekt t\u00eb lexuesit tim t\u00eb vjet\u00ebr t\u00eb k\u00ebtij portali, po e shtjelloj k\u00ebt\u00eb fjali, q\u00eb lexuesi t\u00eb mos zhg\u00ebnjehet nga (mos)reagimi im.<\/p>\n<p>N\u00eb fakt, zhg\u00ebnjimi \u00ebsht\u00eb shum\u00ebdimensional. Shkrelin nuk e kisha par\u00eb m\u00eb p\u00ebrpara, por m\u2019u duk fytyr\u00eb e njohur, sepse \u00ebsht\u00eb pasqyr\u00eb e nj\u00eb pjese t\u00eb mir\u00eb t\u00eb diaspor\u00ebs: nj\u00eb diaspore q\u00eb rritet dhe b\u00ebhet m\u00eb indiferente sa m\u00eb keq shkojn\u00eb pun\u00ebt p\u00ebr Shqip\u00ebrin\u00eb.<\/p>\n<p>Nuk po i futemi analiz\u00ebs s\u00eb pun\u00ebsimit t\u00eb familjar\u00ebve t\u00eb saj n\u00eb poste qokash n\u00eb stafin e Benet Becit, por zonja \u00ebsht\u00eb model suksesi pik\u00ebrisht sepse karrier\u00ebn e saj e nd\u00ebrtoi n\u00eb nj\u00eb vend ku funksionon shteti i s\u00eb drejt\u00ebs, demokracia dhe meritokracia. Megjithat\u00eb, pranon t\u00eb dal\u00eb n\u00eb podcast me kreun e nj\u00eb shteti q\u00eb mish\u00ebron krejt t\u00eb kund\u00ebrt\u00ebn.<\/p>\n<p>P\u00ebr kujtes\u00eb dhe n\u00eb dijeni t\u00eb t\u00eb gjith\u00ebve, Edi Rama erdhi n\u00eb pushtet me p\u00ebrdhunues n\u00eb grup, trafikant\u00eb droge e kriminel\u00eb (t\u00eb v\u00ebrtetuar nga ligji i dekriminalizimit), mban prej 13 vitesh pushtetin me bandat m\u00eb t\u00eb rrezikshme t\u00eb vendit dhe largoi pjes\u00ebn m\u00eb t\u00eb mir\u00eb t\u00eb popullsis\u00eb, sikur vendi t\u00eb ishte n\u00eb luft\u00eb.<\/p>\n<p>Pranimi dhe normalizimi me prezenc\u00ebn e saj p\u00ebrball\u00eb Edi Ram\u00ebs nuk mjafton. Ajo shkon edhe m\u00eb larg duke idealizuar projeksionin e regjimit t\u00eb Ram\u00ebs n\u00eb Shkod\u00ebr (at\u00eb t\u00eb Benet Becit): &#8220;Hyrja n\u00eb Shkod\u00ebr asht ba shum\u00eb e bukur (!) \u2013 Jan\u00eb ba fasadat \u2013 Bahen aktivitete e ka gjallni.&#8221;<\/p>\n<p>T\u00eb ishte nj\u00eb qytetare q\u00eb vjen nga bota e tret\u00eb, edhe mund ta kuptoja. Por nj\u00eb zonj\u00eb q\u00eb g\u00ebzon nj\u00eb nga statuset m\u00eb t\u00eb larta n\u00eb nj\u00eb nga vendet m\u00eb t\u00eb zhvilluara n\u00eb bot\u00eb, tregon nj\u00eb p\u00ebrbuzje t\u00eb madhe p\u00ebr qytetar\u00ebt e vendit t\u00eb saj q\u00eb paska l\u00ebn\u00eb para 30 vitesh.<\/p>\n<p>N\u00eb 10 vite, Kryeministri q\u00eb zonja ka p\u00ebrball\u00eb i dha Shkodr\u00ebs investime sa bashkia e Leskovikut, e izoloi duke i vendosur traun, nuk b\u00ebri asnj\u00eb investim serioz n\u00eb k\u00ebt\u00eb qytet dhe i hoqi \u00e7do institucion t\u00eb r\u00ebnd\u00ebsish\u00ebm, duke e kthyer Shkodr\u00ebn n\u00eb nj\u00eb provinc\u00eb pa r\u00ebnd\u00ebsi, n\u00eb dor\u00eb t\u00eb krimit dhe injoranc\u00ebs.<\/p>\n<p>Diaspora shqiptare qartazi nuk po luan rolin e saj n\u00eb nj\u00eb pik\u00eb kritike t\u00eb vendit. Zakonisht e pavarur ekonomikisht, ajo pritet t\u00eb jet\u00eb z\u00ebri i shpres\u00ebs dhe i thirrjes p\u00ebr ta b\u00ebr\u00eb Shqip\u00ebrin\u00eb si gjith\u00eb vendet ku diaspora shqiptare ka arritur t\u00eb ket\u00eb suksese individuale. Kjo diaspor\u00eb, m\u00eb s\u00eb shumti, ka fytyr\u00ebn e zonj\u00ebs q\u00eb e quan turiz\u00ebm patriotik kthimin p\u00ebr pushime n\u00eb Shqip\u00ebrin\u00eb e \u00e7mimeve t\u00eb lira dhe lidhjeve nostalgjike.<\/p>\n<p>Rasti i Edit Shkrelit \u00ebsht\u00eb simptom\u00eb e nj\u00eb problemi m\u00eb t\u00eb thell\u00eb: i nj\u00eb diaspore q\u00eb gjithnj\u00eb e m\u00eb shum\u00eb po e humbet lidhjen reale me Shqip\u00ebrin\u00eb.<\/p>\n<p>Indiferenc\u00ebs ndaj nj\u00eb aktivizmi patriotik n\u00eb politik\u00eb i shtohet ushqimi q\u00eb i japin narrativ\u00ebs q\u00eb p\u00ebrkon n\u00eb m\u00ebnyr\u00eb t\u00eb dyshimt\u00eb me propagand\u00ebn zyrtare: Shqip\u00ebria si histori suksesi vizual, e reduktuar n\u00eb hyrje t\u00eb bukura qytetesh dhe fasada t\u00eb lyera.<\/p>\n<p>Ndryshe nga diaspora t\u00eb tjera, si ajo irlandeze apo izraelite, q\u00eb kan\u00eb luajtur rol ky\u00e7 n\u00eb zhvillimin dhe lobimin nd\u00ebrkomb\u00ebtar t\u00eb vendeve t\u00eb tyre, diaspora shqiptare mbetet kryesisht pasive n\u00eb raport me transformimin institucional.<\/p>\n<p>T\u00eb ulesh p\u00ebrball\u00eb nj\u00eb kryeministri q\u00eb p\u00ebrfaq\u00ebson p\u00ebrqendrimin m\u00eb t\u00eb madh t\u00eb pushtetit n\u00eb Shqip\u00ebrin\u00eb pluraliste, pa asnj\u00eb distanc\u00eb kritike, \u00ebsht\u00eb nj\u00eb pozicion politik i rreziksh\u00ebm.<\/p>\n<p>Fenomeni nuk \u00ebsht\u00eb i izoluar. Mbushja e aktiviteteve politike jasht\u00eb vendit, t\u00eb organizuara nga figura si Taulant Balla, apo mb\u00ebshtetja elektorale q\u00eb diaspora i jep qeveris\u00eb, tregojn\u00eb nj\u00eb shk\u00ebputje t\u00eb thell\u00eb midis perceptimit dhe realitetit n\u00eb Shqip\u00ebri.<\/p>\n<p>N\u00eb vend q\u00eb t\u00eb shnd\u00ebrrohet n\u00eb nj\u00eb forc\u00eb presioni p\u00ebr demokraci dhe zhvillim, diaspora shqiptare rrezikon t\u00eb b\u00ebhet nj\u00eb spektatore e rehatshme, madje, n\u00eb raste t\u00eb caktuara, edhe nj\u00eb faktor legjitimues i status quo-s\u00eb.<\/p>\n<p>Rasti i Edit Shkrelit nuk \u00ebsht\u00eb problemi, por pasqyra q\u00eb tregon se sa larg \u00ebsht\u00eb sot diaspora nga roli q\u00eb historia dhe pesha e saj demografike do t\u2019i impononin: t\u00eb ishte jo thjesht nj\u00eb burim parash, por nj\u00eb z\u00eb kritik, nj\u00eb ur\u00eb me Per\u00ebndimin dhe nj\u00eb motor ndryshimi p\u00ebr Shqip\u00ebrin\u00eb.<\/p>\n<p>Ndaj, ne q\u00eb kemi vendosur t\u00eb jetojm\u00eb e t\u00eb b\u00ebjm\u00eb betej\u00ebn k\u00ebtu, me t\u00eb drejt\u00eb mund t\u00eb habitemi d\u00ebshp\u00ebrimisht: ku kena p\u00ebrfundu!<\/p>\n<p><img loading=\"lazy\" loading=\"lazy\" decoding=\"async\" src=\"https:\/\/neutrale.al\/wp-content\/uploads\/2026\/04\/444df1f8-67d5-4430-baa7-ae436a3cca38-139x300.jpeg\" alt=\"\" width=\"139\" height=\"300\" class=\"alignnone size-medium wp-image-97133\" srcset=\"https:\/\/neutrale.al\/wp-content\/uploads\/2026\/04\/444df1f8-67d5-4430-baa7-ae436a3cca38-139x300.jpeg 139w, https:\/\/neutrale.al\/wp-content\/uploads\/2026\/04\/444df1f8-67d5-4430-baa7-ae436a3cca38-473x1024.jpeg 473w, https:\/\/neutrale.al\/wp-content\/uploads\/2026\/04\/444df1f8-67d5-4430-baa7-ae436a3cca38-709x1536.jpeg 709w, https:\/\/neutrale.al\/wp-content\/uploads\/2026\/04\/444df1f8-67d5-4430-baa7-ae436a3cca38.jpeg 739w\" sizes=\"auto, (max-width: 139px) 100vw, 139px\" \/><\/p>\n","protected":false},"excerpt":{"rendered":"<p>Nj\u00eb media dikur promovuese e z\u00ebrit t\u00eb rinjve, sot m\u00eb shum\u00eb mb\u00ebshtet\u00ebse e veprave madhore t\u00eb Benet Becit, mes qindra reagimeve q\u00eb kam b\u00ebr\u00eb nga 2023, kur kishte publikuar reagimin tim t\u00eb fundit (para se Beneti t\u00eb zgjidhej), kishte zgjedhur t\u00eb publikonte nj\u00eb &#8220;reagim&#8221; timin: nj\u00eb fjali t\u00eb vetme habitore. &#8220;Ted Kopliku reagon: ku kena [&hellip;]<\/p>\n","protected":false},"author":2,"featured_media":97134,"comment_status":"open","ping_status":"open","sticky":false,"template":"","format":"standard","meta":{"footnotes":""},"categories":[1],"tags":[],"class_list":{"0":"post-97132","1":"post","2":"type-post","3":"status-publish","4":"format-standard","5":"has-post-thumbnail","7":"category-te-tjera"},"_links":{"self":[{"href":"https:\/\/neutrale.al\/index.php\/wp-json\/wp\/v2\/posts\/97132","targetHints":{"allow":["GET"]}}],"collection":[{"href":"https:\/\/neutrale.al\/index.php\/wp-json\/wp\/v2\/posts"}],"about":[{"href":"https:\/\/neutrale.al\/index.php\/wp-json\/wp\/v2\/types\/post"}],"author":[{"embeddable":true,"href":"https:\/\/neutrale.al\/index.php\/wp-json\/wp\/v2\/users\/2"}],"replies":[{"embeddable":true,"href":"https:\/\/neutrale.al\/index.php\/wp-json\/wp\/v2\/comments?post=97132"}],"version-history":[{"count":1,"href":"https:\/\/neutrale.al\/index.php\/wp-json\/wp\/v2\/posts\/97132\/revisions"}],"predecessor-version":[{"id":97135,"href":"https:\/\/neutrale.al\/index.php\/wp-json\/wp\/v2\/posts\/97132\/revisions\/97135"}],"wp:featuredmedia":[{"embeddable":true,"href":"https:\/\/neutrale.al\/index.php\/wp-json\/wp\/v2\/media\/97134"}],"wp:attachment":[{"href":"https:\/\/neutrale.al\/index.php\/wp-json\/wp\/v2\/media?parent=97132"}],"wp:term":[{"taxonomy":"category","embeddable":true,"href":"https:\/\/neutrale.al\/index.php\/wp-json\/wp\/v2\/categories?post=97132"},{"taxonomy":"post_tag","embeddable":true,"href":"https:\/\/neutrale.al\/index.php\/wp-json\/wp\/v2\/tags?post=97132"}],"curies":[{"name":"wp","href":"https:\/\/api.w.org\/{rel}","templated":true}]}}