{"id":97120,"date":"2026-04-28T11:44:01","date_gmt":"2026-04-28T11:44:01","guid":{"rendered":"https:\/\/neutrale.al\/?p=97120"},"modified":"2026-04-28T11:44:01","modified_gmt":"2026-04-28T11:44:01","slug":"irena-beqiraj-na-duhet-nje-ekonomist-i-mire-te-drejtoje-ministrine-e-shendetesise","status":"publish","type":"post","link":"https:\/\/neutrale.al\/index.php\/2026\/04\/28\/irena-beqiraj-na-duhet-nje-ekonomist-i-mire-te-drejtoje-ministrine-e-shendetesise\/","title":{"rendered":"Irena Beqiraj\/ Na duhet nj\u00eb ekonomist i mir\u00eb t\u00eb drejtoj\u00eb ministrin\u00eb e sh\u00ebndet\u00ebsis\u00eb!"},"content":{"rendered":"<p>Ministrja e Sh\u00ebndet\u00ebsis\u00eb, nj\u00eb mjeke e zonja n\u00eb profesion,  \u00ebsht\u00eb nj\u00eb nga ministret q\u00eb t\u00ebrheq jo pak v\u00ebmendjen n\u00eb daljet e saj publike . Nj\u00eb her\u00eb tha -&#8220;nuk e kam v\u00ebn\u00eb re rritjen e \u00e7mimeve t\u00eb ila\u00e7eve sepse nuk kam pasur vet\u00eb nevoj\u00eb p\u00ebr ila\u00e7e\u201d . Nd\u00ebrsa nj\u00eb her\u00eb tjet\u00ebr na tha-  \u201cpo mbledhim t\u00eb dh\u00ebna , t\u00eb kemi t\u00eb dh\u00ebna e mandej t\u2019ju japim t\u00eb dh\u00ebna\u201d <\/p>\n<p>Ndaj po e filloj k\u00ebt\u00eb shkrim me disa t\u00eb dh\u00ebna .<br \/>\nMegjith\u00ebse na \u00ebsht\u00eb premtuar sh\u00ebrbimi sh\u00ebndet\u00ebsor falas, nga raportet e Organizat\u00ebs Bot\u00ebrore t\u00eb Sh\u00ebndet\u00ebsis\u00eb &#8211; nj\u00eb shqiptar paguan gjithmon\u00eb e me shum\u00eb nga xhepi p\u00ebr shpenzimet sh\u00ebndetsore.<\/p>\n<p>N\u00eb 2005 shqiptar\u00ebt paguanim nga xhepi 49.3% t\u00eb shpenzimeve sh\u00ebndet\u00ebsore.  Nd\u00ebrsa n\u00eb 2023, shqiptar\u00ebt paguan 59,7 % t\u00eb shpenzimeve sh\u00ebndet\u00ebsore nga xhepi . Ky \u00ebsht\u00eb niveli m\u00eb i lart\u00eb i shpenzimeve q\u00eb paguajn\u00eb nga xhepi qytetar\u00ebt n\u00eb rajon edhe n\u00eb Europ\u00eb.<br \/>\nNd\u00ebrkoh\u00eb,  Shqip\u00ebria shpenzon 312 euro p\u00ebr frym\u00eb, p\u00ebr kujdesin sh\u00ebndet\u00ebsor duke u renditur e fundit n\u00eb rajon , Kosova, Maqedonia e Veriut, Serbia dhe ve\u00e7an\u00ebrisht Mali i Zi buxhetojn\u00eb m\u00eb shum\u00eb para  p\u00ebr sektorin e kujdesit sh\u00ebndet\u00ebsor.  Mali i Zi mban vendin e par\u00eb me shpenzimet m\u00eb t\u00eb larta me rreth 833 euro p\u00ebr frym\u00eb.<br \/>\n Bashkimi Europian, p\u00ebr t\u00eb cilin ka filluar na flet me pasion edhe Zeqineja,  harxhon mesatarisht n\u00eb kujdesin sh\u00ebndet\u00ebsor, 4,500 euro p\u00ebr frym\u00eb.<\/p>\n<p>2- N\u00eb total, buxheti i Ministris\u00eb s\u00eb  Sh\u00ebndet\u00ebsis\u00eb k\u00ebt\u00eb vit \u00ebsht\u00eb rreth 3% e PBB-s\u00eb, nga t\u00eb cilat 2%  p\u00ebr sh\u00ebndet\u00ebsin\u00eb dhe 1% e PBB-s\u00eb p\u00ebr ndihm\u00ebn ekonomike.<br \/>\nPor plani buxhetor afatmes\u00ebm tregon se p\u00ebr  vitin 2028, buxheti total  i dedikuar p\u00ebr sh\u00ebndet\u00ebsin\u00eb do t\u00eb ulet si n\u00eb vler\u00eb ashtu edhe si p\u00ebrqindje e PBB-s\u00eb. Nga 53 miliard\u00eb lek\u00eb q\u00eb \u00ebsht\u00eb k\u00ebt\u00eb vit, p\u00ebr vitin 2028 jan\u00eb planifikuar 52.6 miliard\u00eb lek\u00eb, pra nj\u00eb r\u00ebnie prej 1.4%.<br \/>\n3-Po ashtu Shqip\u00ebria ka 1.2 deri n\u00eb 1.9 mjek\u00eb p\u00ebr 1000 banor\u00eb,   niveli m\u00eb i ul\u00ebt ky  n\u00eb rajon dhe nd\u00ebr m\u00eb t\u00eb ul\u00ebtit n\u00eb Europ\u00eb.<br \/>\nNd\u00ebrkoh\u00eb me ritmet q\u00eb po largohen mjek\u00ebt edhe infermier\u00ebt,  shum\u00eb shpejt do t\u00eb z\u00ebm\u00eb rradh\u00eb p\u00ebr t&#8217;u vizituar tek veterineri, edhe kjo nuk \u00ebsht\u00eb ironi.<\/p>\n<p>Me k\u00ebto t\u00eb dh\u00ebna n\u00eb nivel makro, dikush duhet t\u00eb jet\u00eb n\u00eb gjendje t\u2019i thot\u00eb  ministres me z\u00eb t\u00eb lart\u00eb se &#8211;  sistemi i kujdesit sh\u00ebndet\u00ebsor  falas q\u00eb ajo po p\u00ebrpiqet t\u00eb promovoj\u00eb n\u00eb Shqip\u00ebri nuk \u00ebsht\u00eb i sh\u00ebndetsh\u00ebm , nuk \u00ebsht\u00eb i kujdesh\u00ebm , por \u00e7&#8217;\u00ebsht\u00eb m\u00eb e keqja  nuk \u00ebsht\u00eb as sistem .<br \/>\nP\u00ebr m\u00eb tep\u00ebr,  dikush duhet ti thot\u00eb Kryeministrit  se &#8211; n\u00eb aspektin ekonomik , hartimi i politikave sh\u00ebndet\u00ebsore , nd\u00ebrtimi i sistemeve t\u00eb kujdesit sh\u00ebndet\u00ebsor dhe menaxhimi i spitaleve  &#8220;autonome&#8221; vet\u00ebm n\u00eb let\u00ebr, m\u00eb shum\u00eb se mjek\u00eb  gazetar\u00eb , kimist\u00eb apo jurist\u00eb k\u00ebrkojn\u00eb ekonomist\u00eb t\u00eb mir\u00eb.<br \/>\nEkonomist\u00ebt kan\u00eb njohurit\u00eb p\u00ebr t\u00eb trajtuar problemin themelor t\u00eb  burimeve t\u00eb kufizuara kundrejt nevojave gjithmon\u00eb n\u00eb rritje. N\u00eb kujdesin sh\u00ebndet\u00ebsor, kjo do t\u00eb thot\u00eb optimizimi i p\u00ebrdorimit t\u00eb fondeve edhe kapitalit njer\u00ebzor  t\u00eb kufizuar p\u00ebr t\u00eb prodhuar rezultatet m\u00eb t\u00eb mira t\u00eb mundshme sh\u00ebndet\u00ebsore.<br \/>\nS\u00eb dyti ekonomist\u00ebt mund t\u00eb identifikojn\u00eb m\u00ebnyrat e duhura p\u00ebr ta b\u00ebr\u00eb kujdesin sh\u00ebndet\u00ebsor m\u00eb t\u00eb p\u00ebrballuesh\u00ebm, m\u00eb t\u00eb arritsh\u00ebm dhe m\u00eb efikas.<br \/>\nS\u00eb treti tregu i kujdesit sh\u00ebndet\u00ebsor edhe ai farmaceutik  jan\u00eb shum\u00eb specifik edhe shpesh d\u00ebshtojn\u00eb nj\u00ebsoj, si kur rregullohet ashtu edhe kur deregullohet me tepri .  Ekonomist\u00ebt mund t\u00eb ndihmojn\u00eb n\u00eb hartimin e politikave q\u00eb:  harmonizojn\u00eb sigurimin privat,  menaxhojn\u00eb ofertat konkurruese dhe  trajtojn\u00eb anomalit\u00eb e tregut .<br \/>\nS\u00eb kat\u00ebrti, si n\u00eb \u00e7do vend edhe n\u00eb Shqip\u00ebri , t\u00eb varfrit jan\u00eb n\u00eb m\u00ebnyr\u00eb disproporcionale m\u00eb  t\u00eb pash\u00ebndetsh\u00ebm edhe kan\u00eb nevoj\u00eb m\u00eb shum\u00eb p\u00ebr sh\u00ebrbim sh\u00ebndet\u00ebsor se pjesa tjet\u00ebr e shoq\u00ebris\u00eb . Jan\u00eb s\u00ebrisht  ekonomist\u00ebt q\u00eb kan\u00eb njohurit\u00eb e nevojshme p\u00ebr t\u00eb matur barr\u00ebn e kujdesit sh\u00ebndet\u00ebsor n\u00eb m\u00ebnyr\u00eb q\u00eb m\u00eb pak shqiptar\u00eb t\u00eb bien n\u00ebn kufirin e varf\u00ebris\u00eb p\u00ebr shkak t\u00eb shpenzimeve sh\u00ebndet\u00ebsore t\u00eb pa mbuluara . <\/p>\n<p>E pra , n\u00eb vend t\u00eb mjekes ekselente e cila na  thot\u00eb se  &#8220;e pamundura  b\u00ebhet e mundur edhe kur \u00ebsht\u00eb e mundur p\u00ebr t&#8217;u b\u00ebr\u00eb e pamundur &#8221; na duhet nj\u00eb ekonomist i mir\u00eb n\u00eb krye t\u00eb ministris\u00eb s\u00eb sh\u00ebndet\u00ebsis\u00eb .<br \/>\nNj\u00eb ekonomist i mir\u00eb,  q\u00eb edhe s\u00ebmuret  ndonj\u00ebher\u00eb , duke pasur k\u00ebshtu mund\u00ebsin\u00eb q\u00eb edhe me an\u00eb t\u00eb provave rast\u00ebsore t\u00eb marr t\u00eb dh\u00ebna p\u00ebr rritjen e kostove t\u00eb ila\u00e7eve .<\/p>\n<p>Nj\u00eb ekonomist nga ata q\u00eb ka guximin ti thote Kryeministrit edhe  publikut q\u00eb me kapacitetet financiare edhe njer\u00ebzore  q\u00eb kemi nuk ofrojm\u00eb dot gjith\u00e7ka falas, p\u00ebrkundrazi po vazhduam k\u00ebshtu n\u00eb onkologjik  do t\u00eb marrin sh\u00ebrbimin vet\u00ebm ata q\u00eb paguajn\u00eb  m\u00eb shum\u00eb n\u00ebn dor\u00eb.<br \/>\nNj\u00eb ekonomist  i mir\u00eb q\u00eb t\u00eb ket\u00eb aft\u00ebsin\u00eb t\u00eb udh\u00ebheq  hartimin  edhe nd\u00ebrtimin e nj\u00eb sistemi sh\u00ebndet\u00ebsor t\u00eb p\u00ebrballuesh\u00ebm p\u00ebr t\u00eb gjith\u00eb  i cili promovon p\u00ebrgjegj\u00ebsin\u00eb individuale p\u00ebr sh\u00ebndetin  dhe shmang mb\u00ebshtetjen e tep\u00ebrt tek buxheti i shtetit; angazhon  konkurrenc\u00ebn dhe forcat e tregut p\u00ebr t\u00eb p\u00ebrmir\u00ebsuar sh\u00ebrbimin dhe p\u00ebr t\u00eb ulur koston; e  mbi te  gjitha nj\u00eb sistem ku shteti nuk g\u00ebnjen por qart\u00ebson publikun p\u00ebr kapacitetet e tij t\u00eb financimit duke p\u00ebrcaktuar qart\u00eb se cilat sh\u00ebrbime do t\u00eb subvencionoj\u00eb edhe cilat  jan\u00eb shtresat q\u00eb mund t\u00eb mbeshteten gjer\u00ebsisht n\u00eb subvencionimet e tij  .<\/p>\n<p>Mos i hiqni sh\u00ebrbimit sh\u00ebndet\u00ebsor nj\u00eb mjeke t\u00eb mir\u00eb, duke i dh\u00ebn\u00eb edhe hartimit t\u00eb  politikave sh\u00ebndet\u00ebsore nj\u00eb mund\u00ebsi !<\/p>\n<p><img loading=\"lazy\" loading=\"lazy\" decoding=\"async\" src=\"https:\/\/neutrale.al\/wp-content\/uploads\/2026\/04\/a290dae1-0bc5-4c94-8369-da083af8fb6c-300x150.jpeg\" alt=\"\" width=\"300\" height=\"150\" class=\"alignnone size-medium wp-image-97121\" srcset=\"https:\/\/neutrale.al\/wp-content\/uploads\/2026\/04\/a290dae1-0bc5-4c94-8369-da083af8fb6c-300x150.jpeg 300w, https:\/\/neutrale.al\/wp-content\/uploads\/2026\/04\/a290dae1-0bc5-4c94-8369-da083af8fb6c-1024x512.jpeg 1024w, https:\/\/neutrale.al\/wp-content\/uploads\/2026\/04\/a290dae1-0bc5-4c94-8369-da083af8fb6c-768x384.jpeg 768w, https:\/\/neutrale.al\/wp-content\/uploads\/2026\/04\/a290dae1-0bc5-4c94-8369-da083af8fb6c-860x430.jpeg 860w, https:\/\/neutrale.al\/wp-content\/uploads\/2026\/04\/a290dae1-0bc5-4c94-8369-da083af8fb6c.jpeg 1500w\" sizes=\"auto, (max-width: 300px) 100vw, 300px\" \/><\/p>\n","protected":false},"excerpt":{"rendered":"<p>Ministrja e Sh\u00ebndet\u00ebsis\u00eb, nj\u00eb mjeke e zonja n\u00eb profesion, \u00ebsht\u00eb nj\u00eb nga ministret q\u00eb t\u00ebrheq jo pak v\u00ebmendjen n\u00eb daljet e saj publike . Nj\u00eb her\u00eb tha -&#8220;nuk e kam v\u00ebn\u00eb re rritjen e \u00e7mimeve t\u00eb ila\u00e7eve sepse nuk kam pasur vet\u00eb nevoj\u00eb p\u00ebr ila\u00e7e\u201d . Nd\u00ebrsa nj\u00eb her\u00eb tjet\u00ebr na tha- \u201cpo mbledhim t\u00eb [&hellip;]<\/p>\n","protected":false},"author":2,"featured_media":97122,"comment_status":"open","ping_status":"open","sticky":false,"template":"","format":"standard","meta":{"footnotes":""},"categories":[1],"tags":[],"class_list":{"0":"post-97120","1":"post","2":"type-post","3":"status-publish","4":"format-standard","5":"has-post-thumbnail","7":"category-te-tjera"},"_links":{"self":[{"href":"https:\/\/neutrale.al\/index.php\/wp-json\/wp\/v2\/posts\/97120","targetHints":{"allow":["GET"]}}],"collection":[{"href":"https:\/\/neutrale.al\/index.php\/wp-json\/wp\/v2\/posts"}],"about":[{"href":"https:\/\/neutrale.al\/index.php\/wp-json\/wp\/v2\/types\/post"}],"author":[{"embeddable":true,"href":"https:\/\/neutrale.al\/index.php\/wp-json\/wp\/v2\/users\/2"}],"replies":[{"embeddable":true,"href":"https:\/\/neutrale.al\/index.php\/wp-json\/wp\/v2\/comments?post=97120"}],"version-history":[{"count":1,"href":"https:\/\/neutrale.al\/index.php\/wp-json\/wp\/v2\/posts\/97120\/revisions"}],"predecessor-version":[{"id":97123,"href":"https:\/\/neutrale.al\/index.php\/wp-json\/wp\/v2\/posts\/97120\/revisions\/97123"}],"wp:featuredmedia":[{"embeddable":true,"href":"https:\/\/neutrale.al\/index.php\/wp-json\/wp\/v2\/media\/97122"}],"wp:attachment":[{"href":"https:\/\/neutrale.al\/index.php\/wp-json\/wp\/v2\/media?parent=97120"}],"wp:term":[{"taxonomy":"category","embeddable":true,"href":"https:\/\/neutrale.al\/index.php\/wp-json\/wp\/v2\/categories?post=97120"},{"taxonomy":"post_tag","embeddable":true,"href":"https:\/\/neutrale.al\/index.php\/wp-json\/wp\/v2\/tags?post=97120"}],"curies":[{"name":"wp","href":"https:\/\/api.w.org\/{rel}","templated":true}]}}