{"id":97110,"date":"2026-04-27T14:15:05","date_gmt":"2026-04-27T14:15:05","guid":{"rendered":"https:\/\/neutrale.al\/?p=97110"},"modified":"2026-04-27T14:15:05","modified_gmt":"2026-04-27T14:15:05","slug":"belind-kellici-feriti-thellon-skandalin-duhet-te-shkarkohet-menjehere","status":"publish","type":"post","link":"https:\/\/neutrale.al\/index.php\/2026\/04\/27\/belind-kellici-feriti-thellon-skandalin-duhet-te-shkarkohet-menjehere\/","title":{"rendered":"Belind K\u00eblli\u00e7i\/ Feriti thellon skandalin, duhet t\u00eb shkarkohet menj\u00ebher\u00eb!"},"content":{"rendered":"<p>Ferit Hoxha ka b\u00ebr\u00eb nj\u00eb hap p\u00ebrpara sot, duke pranuar se \u00ebsht\u00eb autor i mesazhit fyes e t\u00eb papranuesh\u00ebm ndaj shqiptar\u00ebve t\u00eb Maqedonis\u00eb s\u00eb Veriut. Por menj\u00ebher\u00eb ka treguar fytyr\u00ebn e v\u00ebrtet\u00eb q\u00eb ka \u00e7do bashk\u00ebpunetor i Edi Ram\u00ebs, arrogac\u00ebn dhe pap\u00ebrgjegjshm\u00ebrin\u00eb totale! <\/p>\n<p>E cil\u00ebson etiketimin q\u00eb u b\u00ebri shqiptar\u00ebve atje, si idiot\u00eb, si nj\u00eb gj\u00eb t\u00eb par\u00ebnd\u00ebsishme, q\u00eb ka kaluar, q\u00eb duhet harruar.<\/p>\n<p>Me k\u00ebt\u00eb sjellje posht\u00ebruese, Ministri i Jasht\u00ebm i Shqip\u00ebris\u00eb e thellon edhe m\u00eb shum\u00eb skandalin. Pranon se \u00ebsht\u00eb ai autori, por thot\u00eb se \u00ebsht\u00eb e par\u00ebnd\u00ebsishme, se nuk ja vlen t\u00eb merremi me at\u00eb \u00e7\u00ebshtje.<\/p>\n<p>Pra sipasj tij, t\u2019i fyesh shqiptar\u00ebt e Maqedonis\u00eb s\u00eb Veriut, nga pozita e kryediplomatit, \u00ebsht\u00eb normale dhe \u00ebsht\u00eb \u00e7\u00ebshtje e vog\u00ebl, e par\u00ebnd\u00ebsishme.<\/p>\n<p>E vetmja gj\u00eb q\u00eb duhet t\u00eb b\u00ebnte ky arrogant, \u00ebsht\u00eb t\u00eb k\u00ebrkonte falje dhe t\u00eb jepte dor\u00ebheqjen. Duke e thelluar edhe m\u00eb shum\u00eb k\u00ebt\u00eb skandal, Hoxha meriton shkarkimin e menj\u00ebhersh\u00ebm.<\/p>\n<p>Ai nuk p\u00ebrfaq\u00ebson as diplomacin\u00eb, as shtetin shqiptar. <\/p>\n<p>P\u00ebrfaq\u00ebson vet\u00ebm interesat e Edi Ram\u00ebs, si kukull e tij q\u00eb \u00ebsht\u00eb.<\/p>\n","protected":false},"excerpt":{"rendered":"<p>Ferit Hoxha ka b\u00ebr\u00eb nj\u00eb hap p\u00ebrpara sot, duke pranuar se \u00ebsht\u00eb autor i mesazhit fyes e t\u00eb papranuesh\u00ebm ndaj shqiptar\u00ebve t\u00eb Maqedonis\u00eb s\u00eb Veriut. Por menj\u00ebher\u00eb ka treguar fytyr\u00ebn e v\u00ebrtet\u00eb q\u00eb ka \u00e7do bashk\u00ebpunetor i Edi Ram\u00ebs, arrogac\u00ebn dhe pap\u00ebrgjegjshm\u00ebrin\u00eb totale! E cil\u00ebson etiketimin q\u00eb u b\u00ebri shqiptar\u00ebve atje, si idiot\u00eb, si nj\u00eb [&hellip;]<\/p>\n","protected":false},"author":2,"featured_media":97111,"comment_status":"open","ping_status":"open","sticky":false,"template":"","format":"standard","meta":{"footnotes":""},"categories":[1],"tags":[],"class_list":{"0":"post-97110","1":"post","2":"type-post","3":"status-publish","4":"format-standard","5":"has-post-thumbnail","7":"category-te-tjera"},"_links":{"self":[{"href":"https:\/\/neutrale.al\/index.php\/wp-json\/wp\/v2\/posts\/97110","targetHints":{"allow":["GET"]}}],"collection":[{"href":"https:\/\/neutrale.al\/index.php\/wp-json\/wp\/v2\/posts"}],"about":[{"href":"https:\/\/neutrale.al\/index.php\/wp-json\/wp\/v2\/types\/post"}],"author":[{"embeddable":true,"href":"https:\/\/neutrale.al\/index.php\/wp-json\/wp\/v2\/users\/2"}],"replies":[{"embeddable":true,"href":"https:\/\/neutrale.al\/index.php\/wp-json\/wp\/v2\/comments?post=97110"}],"version-history":[{"count":1,"href":"https:\/\/neutrale.al\/index.php\/wp-json\/wp\/v2\/posts\/97110\/revisions"}],"predecessor-version":[{"id":97112,"href":"https:\/\/neutrale.al\/index.php\/wp-json\/wp\/v2\/posts\/97110\/revisions\/97112"}],"wp:featuredmedia":[{"embeddable":true,"href":"https:\/\/neutrale.al\/index.php\/wp-json\/wp\/v2\/media\/97111"}],"wp:attachment":[{"href":"https:\/\/neutrale.al\/index.php\/wp-json\/wp\/v2\/media?parent=97110"}],"wp:term":[{"taxonomy":"category","embeddable":true,"href":"https:\/\/neutrale.al\/index.php\/wp-json\/wp\/v2\/categories?post=97110"},{"taxonomy":"post_tag","embeddable":true,"href":"https:\/\/neutrale.al\/index.php\/wp-json\/wp\/v2\/tags?post=97110"}],"curies":[{"name":"wp","href":"https:\/\/api.w.org\/{rel}","templated":true}]}}