{"id":97105,"date":"2026-04-27T11:59:01","date_gmt":"2026-04-27T11:59:01","guid":{"rendered":"https:\/\/neutrale.al\/?p=97105"},"modified":"2026-04-27T11:59:01","modified_gmt":"2026-04-27T11:59:01","slug":"lezhe-drejtori-i-drejtorise-vendore-te-policise-lezhe-drejtues-arben-nasufi-konference-ne-lidhje-me-zbardhjen-e-ngjarjes-se-ndodhur-ne-fshatin-balldren-me-date-26-04-2026","status":"publish","type":"post","link":"https:\/\/neutrale.al\/index.php\/2026\/04\/27\/lezhe-drejtori-i-drejtorise-vendore-te-policise-lezhe-drejtues-arben-nasufi-konference-ne-lidhje-me-zbardhjen-e-ngjarjes-se-ndodhur-ne-fshatin-balldren-me-date-26-04-2026\/","title":{"rendered":"Lezh\u00eb\/ Drejtori i Drejtoris\u00eb Vendore t\u00eb Policis\u00eb Lezh\u00eb, Drejtues Arben Nasufi, konferenc\u00eb n\u00eb lidhje me zbardhjen e ngjarjes s\u00eb ndodhur n\u00eb fshatin Balldren, m\u00eb dat\u00eb 26.04.2026."},"content":{"rendered":"<p>Faleminderit p\u00ebr pranin\u00eb tuaj sot, p\u00ebr t\u00eb p\u00ebrcjell\u00eb te qytetar\u00ebt, rezultatin e angazhimit maksimal t\u00eb strukturave t\u00eb Policis\u00eb, me q\u00ebllim zbardhjen e ngjarjes s\u00eb ndodhur dit\u00ebn e djeshme, n\u00eb fshatin Balldren, ku mbet\u00ebn t\u00eb vrar\u00eb me arm\u00eb zjarri, \u00e7ifti i bashk\u00ebshort\u00ebve, shtetasit Kreshnik dhe Gentiana Mujeci.  <\/p>\n<p>M\u00eb dat\u00eb 26.04.2026, rreth or\u00ebs 14:50, n\u00eb rrug\u00ebn \u201cBalldren-Torovic\u00eb\u201d, nga shtetas t\u00eb paidentifikuar \u00ebsht\u00eb q\u00eblluar me arm\u00eb zjarri n\u00eb drejtim t\u00eb automjetit q\u00eb drejtohej nga shtetasi Kreshnik Mujeci.  <\/p>\n<p>Me marrjen e njoftimit, n\u00eb vendngjarje kan\u00eb mb\u00ebrritur menj\u00ebher\u00eb sh\u00ebrbimet e Policis\u00eb dhe ato t\u00eb emergjenc\u00ebs.  <\/p>\n<p>P\u00ebr t\u00eb hetuar dhe zbardhur ngjarjen, u ngrit nj\u00eb grup i posa\u00e7\u00ebm hetimor, me specialist\u00eb t\u00eb Hetimit t\u00eb Krimeve t\u00eb R\u00ebnda t\u00eb DVP Lezh\u00eb, Departamentit t\u00eb Policis\u00eb Kriminale, si dhe ekspert\u00ebt m\u00eb t\u00eb mir\u00eb kriminalist\u00eb, t\u00eb cil\u00ebt n\u00eb drejtimin e Prokuroris\u00eb, kan\u00eb vijuar intensivisht veprimet hetimore n\u00eb vendin e ngjarjes dhe nj\u00eb s\u00ebr\u00eb veprimesh t\u00eb tjera me metoda proaktive, n\u00eb funksion t\u00eb zbardhjes dhe dokumentimit t\u00eb plot\u00eb ligjor t\u00eb saj.  <\/p>\n<p>Hetimet kan\u00eb vijuar me k\u00ebqyrjen  dhe administrimin e t\u00eb gjitha pamjeve filmike mbi intinerarin e l\u00ebvizjeve t\u00eb viktimave dhe autor\u00ebve, analizimin e \u00e7do prove materiale dhe si rezultat \u00ebsht\u00eb identifikuar nj\u00ebri prej automjeteve t\u00eb p\u00ebrdorura nga autor\u00ebt, i mark\u00ebs \u201cAudi A4\u201d.  <\/p>\n<p>N\u00eb vijim t\u00eb hetimeve t\u00eb thelluara dhe profesionale, analizimit t\u00eb \u00e7do prove q\u00eb lidhej me ngjarjen, u b\u00eb i mundur identifikimi i autor\u00ebve t\u00eb dyshuar, konkretisht i shtetasve:<br \/>\n-A. M., 22 vje\u00e7, F. M., 36 vje\u00e7 dhe R. M., 23 vje\u00e7, banues n\u00eb Lezh\u00eb.  <\/p>\n<p>Nga dinamika e ngjarjes rezulton se automjeti tip \u201cAudi A4\u201d ka mbajtur n\u00eb v\u00ebzhgim l\u00ebvizjen e shtetasit Kreshnik Mujeci. M\u00eb pas, nj\u00eb automjet tjet\u00ebr, tip \u201cVolkswagen\u201d, pa targa, dyshohet se i ka prer\u00eb rrug\u00ebn automjetit me t\u00eb cilin udh\u00ebtonte shtetasi Kreshnik Mujeci, s\u00eb bashku me bashk\u00ebshorten e tij, dhe shtetasit q\u00eb ishin n\u00eb automjet kan\u00eb q\u00eblluar me bresh\u00ebri arm\u00ebsh n\u00eb drejtim t\u00eb automjetit t\u00eb tij. <\/p>\n<p>Nga veprimet e m\u00ebtejshme hetimore dyshohet se vrasja ka ndodhur p\u00ebr arsye hakmarrjeje.  <\/p>\n<p>Hetimet vazhdojn\u00eb n\u00eb m\u00ebnyre intensive, n\u00eb drejtimin e Prokuroris\u00eb, p\u00ebr dokumentimin e plot\u00eb ligjor t\u00eb ngjarjes. <\/p>\n<p>P\u00ebrsa i p\u00ebrket autor\u00ebve, pas identifikimit t\u00eb tyre, nga ana e strukturave policore jan\u00eb ushtruar kontrolle n\u00eb disa banesa dhe ambiente t\u00eb tjera,  por nuk \u00ebsht\u00eb b\u00ebr\u00eb e mundur gjetja e tyre. K\u00ebta shtetas jan\u00eb shpallur n\u00eb k\u00ebrkim. <\/p>\n<p>Operacioni vijon n\u00eb terren, ku jan\u00eb p\u00ebrshir\u00eb Forcat Speciale \u201cRENEA\u201d, Forcat Komb\u00ebtare t\u00eb Siguris\u00eb dhe strukturat operacionale t\u00eb Drejtoris\u00eb Vendore t\u00eb Policis\u00eb Lezh\u00eb, me q\u00ebllim lokalizmin dhe kapjen e tyre. <\/p>\n<p>Gjithashtu, vijon puna p\u00ebr gjetjen dhe sekuestrimin e automjeteve dhe t\u00eb arm\u00ebve t\u00eb zjarrit q\u00eb jan\u00eb p\u00ebrdorur p\u00ebr t\u00eb kryer vrasjen.  <\/p>\n<p>Drejtoria Vendore e Policis\u00eb Lezh\u00eb \u00ebsht\u00eb maksimalisht e angazhuar p\u00ebr  garantimin e rendit dhe siguris\u00eb, evidentimin dhe goditjen e paligjshm\u00ebrive dhe n\u00eb k\u00ebt\u00eb kuad\u00ebr fton qytetar\u00ebt, q\u00eb t\u00eb besojn\u00eb dhe t\u00eb mb\u00ebshtesin m\u00eb shum\u00eb strukturat policore, duke denoncuar \u00e7do rast t\u00eb paligjshm\u00ebris\u00eb.<\/p>\n","protected":false},"excerpt":{"rendered":"<p>Faleminderit p\u00ebr pranin\u00eb tuaj sot, p\u00ebr t\u00eb p\u00ebrcjell\u00eb te qytetar\u00ebt, rezultatin e angazhimit maksimal t\u00eb strukturave t\u00eb Policis\u00eb, me q\u00ebllim zbardhjen e ngjarjes s\u00eb ndodhur dit\u00ebn e djeshme, n\u00eb fshatin Balldren, ku mbet\u00ebn t\u00eb vrar\u00eb me arm\u00eb zjarri, \u00e7ifti i bashk\u00ebshort\u00ebve, shtetasit Kreshnik dhe Gentiana Mujeci. M\u00eb dat\u00eb 26.04.2026, rreth or\u00ebs 14:50, n\u00eb rrug\u00ebn \u201cBalldren-Torovic\u00eb\u201d, [&hellip;]<\/p>\n","protected":false},"author":2,"featured_media":97106,"comment_status":"open","ping_status":"open","sticky":false,"template":"","format":"standard","meta":{"footnotes":""},"categories":[1],"tags":[],"class_list":{"0":"post-97105","1":"post","2":"type-post","3":"status-publish","4":"format-standard","5":"has-post-thumbnail","7":"category-te-tjera"},"_links":{"self":[{"href":"https:\/\/neutrale.al\/index.php\/wp-json\/wp\/v2\/posts\/97105","targetHints":{"allow":["GET"]}}],"collection":[{"href":"https:\/\/neutrale.al\/index.php\/wp-json\/wp\/v2\/posts"}],"about":[{"href":"https:\/\/neutrale.al\/index.php\/wp-json\/wp\/v2\/types\/post"}],"author":[{"embeddable":true,"href":"https:\/\/neutrale.al\/index.php\/wp-json\/wp\/v2\/users\/2"}],"replies":[{"embeddable":true,"href":"https:\/\/neutrale.al\/index.php\/wp-json\/wp\/v2\/comments?post=97105"}],"version-history":[{"count":1,"href":"https:\/\/neutrale.al\/index.php\/wp-json\/wp\/v2\/posts\/97105\/revisions"}],"predecessor-version":[{"id":97107,"href":"https:\/\/neutrale.al\/index.php\/wp-json\/wp\/v2\/posts\/97105\/revisions\/97107"}],"wp:featuredmedia":[{"embeddable":true,"href":"https:\/\/neutrale.al\/index.php\/wp-json\/wp\/v2\/media\/97106"}],"wp:attachment":[{"href":"https:\/\/neutrale.al\/index.php\/wp-json\/wp\/v2\/media?parent=97105"}],"wp:term":[{"taxonomy":"category","embeddable":true,"href":"https:\/\/neutrale.al\/index.php\/wp-json\/wp\/v2\/categories?post=97105"},{"taxonomy":"post_tag","embeddable":true,"href":"https:\/\/neutrale.al\/index.php\/wp-json\/wp\/v2\/tags?post=97105"}],"curies":[{"name":"wp","href":"https:\/\/api.w.org\/{rel}","templated":true}]}}