{"id":97096,"date":"2026-04-27T10:35:29","date_gmt":"2026-04-27T10:35:29","guid":{"rendered":"https:\/\/neutrale.al\/?p=97096"},"modified":"2026-04-27T10:35:29","modified_gmt":"2026-04-27T10:35:29","slug":"eduard-halimi-gabimi-qe-beri-nicolas-sarkozy-lidhur-me-ekipin-ligjor-ditari-i-nje-te-burgosuri-nje-liber-qe-tregon-historine-e-tij-por-na-tregon-dhe-dy-realitetet-e-drejtesise","status":"publish","type":"post","link":"https:\/\/neutrale.al\/index.php\/2026\/04\/27\/eduard-halimi-gabimi-qe-beri-nicolas-sarkozy-lidhur-me-ekipin-ligjor-ditari-i-nje-te-burgosuri-nje-liber-qe-tregon-historine-e-tij-por-na-tregon-dhe-dy-realitetet-e-drejtesise\/","title":{"rendered":"Eduard Halimi\/Gabimi q\u00eb b\u00ebri Nicolas Sarkozy lidhur me ekipin ligjor: \u201cDitari i nj\u00eb t\u00eb burgosuri\u201d, nj\u00eb lib\u00ebr q\u00eb tregon historin\u00eb e tij por na tregon dhe dy realitetet e drejt\u00ebsis\u00eb!"},"content":{"rendered":"<p>Pushteti matet jo vet\u00ebm kur e ke, por sidomos kur e humbet.<br \/>\nNga President i Franc\u00ebs n\u00eb burgun e famsh\u00ebm \u201cLa Sant\u00e9\u201d n\u00eb Paris, pas nj\u00eb vendimi shum\u00eb t\u00eb diskutuesh\u00ebm nd\u00ebrkomb\u00ebtarisht. Nj\u00eb rr\u00ebfim 20 ditor q\u00eb t\u00eb tregon sa i fort\u00eb, por edhe sa i brisht\u00eb  mund t\u00eb ndihet nj\u00eb njeri me pushtet t\u00eb madh politik.<\/p>\n<p>Miqt\u00eb, armiqt\u00eb, hakmarrja, letrat, takimet.. dhe mbi t\u00eb gjitha, r\u00ebnd\u00ebsia e zgjedhjes s\u00eb duhur t\u00eb ekipit ligjor n\u00eb momentet m\u00eb t\u00eb v\u00ebshtira.<\/p>\n<p>Si avokat, dhe pasi kam lexuar pothuajse t\u00eb gjith\u00eb librat e tij (fal\u00eb Marash Logu q\u00eb m\u2019i siguron menj\u00ebher\u00eb sapo dalin), nuk mund t\u00eb them se ky \u00ebsht\u00eb libri m\u00eb i mir\u00eb i tij. Por ndoshta \u00ebsht\u00eb m\u00eb njer\u00ebzori.<\/p>\n<p>Pas 20 faqeve t\u00eb para dit\u00ebn e par\u00eb, e lash\u00eb p\u00ebr shkak t\u00eb nj\u00eb jave t\u00eb ngarkuar dhe e p\u00ebrfundova k\u00ebt\u00eb t\u00eb diel.<\/p>\n<p>Dy mesazhe (pohime t\u00eb Sarkozy) q\u00eb m\u00eb mbet\u00ebn n\u00eb m\u00ebndje: <\/p>\n<p>\ud83d\udc49Largimi nga politika drejt sektorit privat: <\/p>\n<p>\u201cDoja t\u2019u d\u00ebshmoja miqve dhe armiqve t\u00eb mi se mund t\u00eb kesh qen\u00eb politikan n\u00eb nivelet m\u00eb t\u00eb larta, por n\u00eb nj\u00eb moment t\u00eb caktuar ndjen se ke edhe m\u00eb shum\u00eb vlera dhe mund\u00ebsi dhe vendos t\u00eb b\u00ebhesh aktiv n\u00eb sektorin privat si avokat apo investitor. Politika m\u00eb ka dh\u00ebn\u00eb shum\u00eb dhe tani ishte rradha ime pas largimit nga ajo (fq. 99-100)<\/p>\n<p>\ud83d\udc49 Gabimi dhe m\u00ebsimi q\u00eb nxorri n\u00eb p\u00ebrzgjedhjen e ekipit ligjor! <\/p>\n<p>\u201cMbrojtja profesionale dhe e strukturuar \u00ebsht\u00eb \u00e7el\u00ebsi n\u00eb \u00e7\u00ebshtje si kjo e imja. Kur duhet t\u00eb zgjidhni nj\u00eb ekip ligjor, b\u00ebjeni sa m\u00eb shpejt dhe me profesionist\u00eb t\u00eb mir\u00eb. Vonesa p\u00ebr fajin tim  nj\u00eb m\u00ebsim q\u00eb nuk do ta harroj kurr\u00eb.\u201d (fq. 75)<\/p>\n<p>N\u00eb fund, libri t\u00eb l\u00eb me nj\u00eb ndjesi t\u00eb \u00e7uditshme, sidomos kur e krahason me realitetin shqiptar dhe burgjet shqiptare, debatet mbi paraburgimin, drejt\u00ebsin\u00eb, prokurorin\u00eb e posa\u00e7me atje dhe k\u00ebtu apo e krahason me rastin e ish Presidentit Meta, m\u00ebnyr\u00ebn e arrestimit t\u00eb tij me m\u00ebnyr\u00ebn e arrestimit t\u00eb Sarkozy p\u00ebr t\u00eb cil\u00ebn kam shkruar dhe me par\u00eb!<\/p>\n<p><img loading=\"lazy\" loading=\"lazy\" decoding=\"async\" src=\"https:\/\/neutrale.al\/wp-content\/uploads\/2026\/04\/8d4f9be0-cd9f-4910-985f-13ac3306ff63-179x300.jpeg\" alt=\"\" width=\"179\" height=\"300\" class=\"alignnone size-medium wp-image-97097\" srcset=\"https:\/\/neutrale.al\/wp-content\/uploads\/2026\/04\/8d4f9be0-cd9f-4910-985f-13ac3306ff63-179x300.jpeg 179w, https:\/\/neutrale.al\/wp-content\/uploads\/2026\/04\/8d4f9be0-cd9f-4910-985f-13ac3306ff63-612x1024.jpeg 612w, https:\/\/neutrale.al\/wp-content\/uploads\/2026\/04\/8d4f9be0-cd9f-4910-985f-13ac3306ff63-768x1285.jpeg 768w, https:\/\/neutrale.al\/wp-content\/uploads\/2026\/04\/8d4f9be0-cd9f-4910-985f-13ac3306ff63-918x1536.jpeg 918w, https:\/\/neutrale.al\/wp-content\/uploads\/2026\/04\/8d4f9be0-cd9f-4910-985f-13ac3306ff63-860x1439.jpeg 860w, https:\/\/neutrale.al\/wp-content\/uploads\/2026\/04\/8d4f9be0-cd9f-4910-985f-13ac3306ff63.jpeg 1224w\" sizes=\"auto, (max-width: 179px) 100vw, 179px\" \/><\/p>\n<p><img loading=\"lazy\" loading=\"lazy\" decoding=\"async\" src=\"https:\/\/neutrale.al\/wp-content\/uploads\/2026\/04\/5f2d77be-ce34-46f7-8c58-bfd5b7398cbf-249x300.jpeg\" alt=\"\" width=\"249\" height=\"300\" class=\"alignnone size-medium wp-image-97098\" srcset=\"https:\/\/neutrale.al\/wp-content\/uploads\/2026\/04\/5f2d77be-ce34-46f7-8c58-bfd5b7398cbf-249x300.jpeg 249w, https:\/\/neutrale.al\/wp-content\/uploads\/2026\/04\/5f2d77be-ce34-46f7-8c58-bfd5b7398cbf-850x1024.jpeg 850w, https:\/\/neutrale.al\/wp-content\/uploads\/2026\/04\/5f2d77be-ce34-46f7-8c58-bfd5b7398cbf-768x925.jpeg 768w, https:\/\/neutrale.al\/wp-content\/uploads\/2026\/04\/5f2d77be-ce34-46f7-8c58-bfd5b7398cbf-1275x1536.jpeg 1275w, https:\/\/neutrale.al\/wp-content\/uploads\/2026\/04\/5f2d77be-ce34-46f7-8c58-bfd5b7398cbf-860x1036.jpeg 860w, https:\/\/neutrale.al\/wp-content\/uploads\/2026\/04\/5f2d77be-ce34-46f7-8c58-bfd5b7398cbf.jpeg 1328w\" sizes=\"auto, (max-width: 249px) 100vw, 249px\" \/><\/p>\n<p><img loading=\"lazy\" loading=\"lazy\" decoding=\"async\" src=\"https:\/\/neutrale.al\/wp-content\/uploads\/2026\/04\/bb7ed8a9-700e-42b4-84b9-ec7729c262e6-291x300.jpeg\" alt=\"\" width=\"291\" height=\"300\" class=\"alignnone size-medium wp-image-97099\" srcset=\"https:\/\/neutrale.al\/wp-content\/uploads\/2026\/04\/bb7ed8a9-700e-42b4-84b9-ec7729c262e6-291x300.jpeg 291w, https:\/\/neutrale.al\/wp-content\/uploads\/2026\/04\/bb7ed8a9-700e-42b4-84b9-ec7729c262e6-994x1024.jpeg 994w, https:\/\/neutrale.al\/wp-content\/uploads\/2026\/04\/bb7ed8a9-700e-42b4-84b9-ec7729c262e6-768x791.jpeg 768w, https:\/\/neutrale.al\/wp-content\/uploads\/2026\/04\/bb7ed8a9-700e-42b4-84b9-ec7729c262e6-1491x1536.jpeg 1491w, https:\/\/neutrale.al\/wp-content\/uploads\/2026\/04\/bb7ed8a9-700e-42b4-84b9-ec7729c262e6-860x886.jpeg 860w, https:\/\/neutrale.al\/wp-content\/uploads\/2026\/04\/bb7ed8a9-700e-42b4-84b9-ec7729c262e6-1536x1582.jpeg 1536w, https:\/\/neutrale.al\/wp-content\/uploads\/2026\/04\/bb7ed8a9-700e-42b4-84b9-ec7729c262e6.jpeg 1553w\" sizes=\"auto, (max-width: 291px) 100vw, 291px\" \/><\/p>\n<p><img loading=\"lazy\" loading=\"lazy\" decoding=\"async\" src=\"https:\/\/neutrale.al\/wp-content\/uploads\/2026\/04\/16a3e437-5071-45e5-a52b-d0697c8089bf-225x300.jpeg\" alt=\"\" width=\"225\" height=\"300\" class=\"alignnone size-medium wp-image-97100\" srcset=\"https:\/\/neutrale.al\/wp-content\/uploads\/2026\/04\/16a3e437-5071-45e5-a52b-d0697c8089bf-225x300.jpeg 225w, https:\/\/neutrale.al\/wp-content\/uploads\/2026\/04\/16a3e437-5071-45e5-a52b-d0697c8089bf-768x1024.jpeg 768w, https:\/\/neutrale.al\/wp-content\/uploads\/2026\/04\/16a3e437-5071-45e5-a52b-d0697c8089bf-1152x1536.jpeg 1152w, https:\/\/neutrale.al\/wp-content\/uploads\/2026\/04\/16a3e437-5071-45e5-a52b-d0697c8089bf-860x1147.jpeg 860w, https:\/\/neutrale.al\/wp-content\/uploads\/2026\/04\/16a3e437-5071-45e5-a52b-d0697c8089bf.jpeg 1200w\" sizes=\"auto, (max-width: 225px) 100vw, 225px\" \/><\/p>\n<p><img loading=\"lazy\" loading=\"lazy\" decoding=\"async\" src=\"https:\/\/neutrale.al\/wp-content\/uploads\/2026\/04\/fc9319d0-b52f-4071-ba89-a39621791100-138x300.jpeg\" alt=\"\" width=\"138\" height=\"300\" class=\"alignnone size-medium wp-image-97101\" srcset=\"https:\/\/neutrale.al\/wp-content\/uploads\/2026\/04\/fc9319d0-b52f-4071-ba89-a39621791100-138x300.jpeg 138w, https:\/\/neutrale.al\/wp-content\/uploads\/2026\/04\/fc9319d0-b52f-4071-ba89-a39621791100-472x1024.jpeg 472w, https:\/\/neutrale.al\/wp-content\/uploads\/2026\/04\/fc9319d0-b52f-4071-ba89-a39621791100-708x1536.jpeg 708w, https:\/\/neutrale.al\/wp-content\/uploads\/2026\/04\/fc9319d0-b52f-4071-ba89-a39621791100.jpeg 738w\" sizes=\"auto, (max-width: 138px) 100vw, 138px\" \/><\/p>\n","protected":false},"excerpt":{"rendered":"<p>Pushteti matet jo vet\u00ebm kur e ke, por sidomos kur e humbet. Nga President i Franc\u00ebs n\u00eb burgun e famsh\u00ebm \u201cLa Sant\u00e9\u201d n\u00eb Paris, pas nj\u00eb vendimi shum\u00eb t\u00eb diskutuesh\u00ebm nd\u00ebrkomb\u00ebtarisht. Nj\u00eb rr\u00ebfim 20 ditor q\u00eb t\u00eb tregon sa i fort\u00eb, por edhe sa i brisht\u00eb mund t\u00eb ndihet nj\u00eb njeri me pushtet t\u00eb madh [&hellip;]<\/p>\n","protected":false},"author":2,"featured_media":97102,"comment_status":"open","ping_status":"open","sticky":false,"template":"","format":"standard","meta":{"footnotes":""},"categories":[1],"tags":[],"class_list":{"0":"post-97096","1":"post","2":"type-post","3":"status-publish","4":"format-standard","5":"has-post-thumbnail","7":"category-te-tjera"},"_links":{"self":[{"href":"https:\/\/neutrale.al\/index.php\/wp-json\/wp\/v2\/posts\/97096","targetHints":{"allow":["GET"]}}],"collection":[{"href":"https:\/\/neutrale.al\/index.php\/wp-json\/wp\/v2\/posts"}],"about":[{"href":"https:\/\/neutrale.al\/index.php\/wp-json\/wp\/v2\/types\/post"}],"author":[{"embeddable":true,"href":"https:\/\/neutrale.al\/index.php\/wp-json\/wp\/v2\/users\/2"}],"replies":[{"embeddable":true,"href":"https:\/\/neutrale.al\/index.php\/wp-json\/wp\/v2\/comments?post=97096"}],"version-history":[{"count":1,"href":"https:\/\/neutrale.al\/index.php\/wp-json\/wp\/v2\/posts\/97096\/revisions"}],"predecessor-version":[{"id":97103,"href":"https:\/\/neutrale.al\/index.php\/wp-json\/wp\/v2\/posts\/97096\/revisions\/97103"}],"wp:featuredmedia":[{"embeddable":true,"href":"https:\/\/neutrale.al\/index.php\/wp-json\/wp\/v2\/media\/97102"}],"wp:attachment":[{"href":"https:\/\/neutrale.al\/index.php\/wp-json\/wp\/v2\/media?parent=97096"}],"wp:term":[{"taxonomy":"category","embeddable":true,"href":"https:\/\/neutrale.al\/index.php\/wp-json\/wp\/v2\/categories?post=97096"},{"taxonomy":"post_tag","embeddable":true,"href":"https:\/\/neutrale.al\/index.php\/wp-json\/wp\/v2\/tags?post=97096"}],"curies":[{"name":"wp","href":"https:\/\/api.w.org\/{rel}","templated":true}]}}