{"id":97093,"date":"2026-04-27T10:33:18","date_gmt":"2026-04-27T10:33:18","guid":{"rendered":"https:\/\/neutrale.al\/?p=97093"},"modified":"2026-04-27T10:33:18","modified_gmt":"2026-04-27T10:33:18","slug":"berisha-mashtrimet-e-rames-per-integrimin-kane-marre-fund-olsi-rama-eshte-krye-peshkaqeni-i-call-centerave","status":"publish","type":"post","link":"https:\/\/neutrale.al\/index.php\/2026\/04\/27\/berisha-mashtrimet-e-rames-per-integrimin-kane-marre-fund-olsi-rama-eshte-krye-peshkaqeni-i-call-centerave\/","title":{"rendered":"Berisha: Mashtrimet e Ram\u00ebs p\u00ebr integrimin kan\u00eb marr\u00eb fund! Olsi Rama \u00ebsht\u00eb krye-peshkaqeni i call-centerave."},"content":{"rendered":"<p>Kryetari i Partis\u00eb Demokratike, Sali Berisha zhvilloi nj\u00eb prononcim p\u00ebr mediat pas takimit me zyrtarin gjerman Dr. Christian Forneck, k\u00ebshilltar p\u00ebr politik\u00ebn e jashtme dhe t\u00eb siguris\u00eb pran\u00eb grupit parlamentar CDU\/CSU n\u00eb Bundestag n\u00eb selin\u00eb e Partis\u00eb Demokratike.<br \/>\nGjat\u00eb deklarat\u00ebs s\u00eb tij, Berisha vler\u00ebsoi rolin e Bundestagut si nj\u00eb mb\u00ebshtet\u00ebs i r\u00ebnd\u00ebsish\u00ebm dhe i q\u00ebndruesh\u00ebm i procesit t\u00eb integrimit europian t\u00eb Shqip\u00ebris\u00eb, duke theksuar se ky institucion ka ndjekur me seriozitet dhe p\u00ebrgjegj\u00ebsi zhvillimet n\u00eb rajon dhe ka k\u00ebrkuar vazhdimisht q\u00eb integrimi t\u00eb bazohet n\u00eb merit\u00eb dhe standarde konkrete.<br \/>\nLideri demokrat b\u00ebri t\u00eb ditur se n\u00eb takim u diskutua gjer\u00ebsisht mbi situat\u00ebn politike n\u00eb Shqip\u00ebri, ku ngriti shqet\u00ebsime p\u00ebr deformimin e procesit zgjedhor dhe p\u00ebrqendrimin e pushteteve n\u00eb duart e kryeministrit Edi Rama. Berisha akuzoi qeverin\u00eb p\u00ebr lidhje me krimin e organizuar dhe ndikim t\u00eb grupeve kriminale n\u00eb vendimmarrje, duke e cil\u00ebsuar k\u00ebt\u00eb si nj\u00eb rrezik p\u00ebr sigurin\u00eb e vendit dhe m\u00eb gjer\u00eb.<br \/>\nN\u00eb k\u00ebt\u00eb kuad\u00ebr, kryedemokrati theksoi se opozita synon t\u00eb intensifikoj\u00eb bashk\u00ebpunimin me partner\u00ebt nd\u00ebrkomb\u00ebtar\u00eb, ve\u00e7an\u00ebrisht me Gjermanin\u00eb, p\u00ebr t\u00eb garantuar q\u00eb procesi i integrimit t\u00eb Shqip\u00ebris\u00eb n\u00eb Bashkimin Europian t\u00eb mbetet i bazuar n\u00eb shtetin ligjor, funksionimin e institucioneve dhe ekonomin\u00eb e tregut.<br \/>\nBerisha shtoi se, pavar\u00ebsisht p\u00ebrpjekjeve q\u00eb b\u00ebhen p\u00ebr t\u00eb diskredituar opozit\u00ebn n\u00eb aren\u00ebn nd\u00ebrkomb\u00ebtare, Partia Demokratike mbetet e p\u00ebrkushtuar ndaj integrimit europian si objektiv kryesor politik. Ai n\u00ebnvizoi se nj\u00eb proces i bazuar n\u00eb merit\u00eb \u00ebsht\u00eb n\u00eb interesin m\u00eb t\u00eb mir\u00eb t\u00eb qytetar\u00ebve shqiptar\u00eb dhe t\u00eb vet\u00eb Bashkimit Europian.<\/p>\n","protected":false},"excerpt":{"rendered":"<p>Kryetari i Partis\u00eb Demokratike, Sali Berisha zhvilloi nj\u00eb prononcim p\u00ebr mediat pas takimit me zyrtarin gjerman Dr. Christian Forneck, k\u00ebshilltar p\u00ebr politik\u00ebn e jashtme dhe t\u00eb siguris\u00eb pran\u00eb grupit parlamentar CDU\/CSU n\u00eb Bundestag n\u00eb selin\u00eb e Partis\u00eb Demokratike. Gjat\u00eb deklarat\u00ebs s\u00eb tij, Berisha vler\u00ebsoi rolin e Bundestagut si nj\u00eb mb\u00ebshtet\u00ebs i r\u00ebnd\u00ebsish\u00ebm dhe i q\u00ebndruesh\u00ebm [&hellip;]<\/p>\n","protected":false},"author":2,"featured_media":97094,"comment_status":"open","ping_status":"open","sticky":false,"template":"","format":"standard","meta":{"footnotes":""},"categories":[118,9],"tags":[],"class_list":{"0":"post-97093","1":"post","2":"type-post","3":"status-publish","4":"format-standard","5":"has-post-thumbnail","7":"category-kryesore","8":"category-politika"},"_links":{"self":[{"href":"https:\/\/neutrale.al\/index.php\/wp-json\/wp\/v2\/posts\/97093","targetHints":{"allow":["GET"]}}],"collection":[{"href":"https:\/\/neutrale.al\/index.php\/wp-json\/wp\/v2\/posts"}],"about":[{"href":"https:\/\/neutrale.al\/index.php\/wp-json\/wp\/v2\/types\/post"}],"author":[{"embeddable":true,"href":"https:\/\/neutrale.al\/index.php\/wp-json\/wp\/v2\/users\/2"}],"replies":[{"embeddable":true,"href":"https:\/\/neutrale.al\/index.php\/wp-json\/wp\/v2\/comments?post=97093"}],"version-history":[{"count":1,"href":"https:\/\/neutrale.al\/index.php\/wp-json\/wp\/v2\/posts\/97093\/revisions"}],"predecessor-version":[{"id":97095,"href":"https:\/\/neutrale.al\/index.php\/wp-json\/wp\/v2\/posts\/97093\/revisions\/97095"}],"wp:featuredmedia":[{"embeddable":true,"href":"https:\/\/neutrale.al\/index.php\/wp-json\/wp\/v2\/media\/97094"}],"wp:attachment":[{"href":"https:\/\/neutrale.al\/index.php\/wp-json\/wp\/v2\/media?parent=97093"}],"wp:term":[{"taxonomy":"category","embeddable":true,"href":"https:\/\/neutrale.al\/index.php\/wp-json\/wp\/v2\/categories?post=97093"},{"taxonomy":"post_tag","embeddable":true,"href":"https:\/\/neutrale.al\/index.php\/wp-json\/wp\/v2\/tags?post=97093"}],"curies":[{"name":"wp","href":"https:\/\/api.w.org\/{rel}","templated":true}]}}