{"id":97090,"date":"2026-04-27T09:39:43","date_gmt":"2026-04-27T09:39:43","guid":{"rendered":"https:\/\/neutrale.al\/?p=97090"},"modified":"2026-04-27T09:39:43","modified_gmt":"2026-04-27T09:39:43","slug":"pas-humbjes-se-zgjedhjeve-viktor-orban-heq-dore-nga-mandati-i-tij-ne-parlament","status":"publish","type":"post","link":"https:\/\/neutrale.al\/index.php\/2026\/04\/27\/pas-humbjes-se-zgjedhjeve-viktor-orban-heq-dore-nga-mandati-i-tij-ne-parlament\/","title":{"rendered":"Pas humbjes s\u00eb zgjedhjeve, Viktor Orban heq dor\u00eb nga mandati i tij n\u00eb parlament"},"content":{"rendered":"<p>Kryeministri n\u00eb largim i Hungaris\u00eb, Viktor Orban, njoftoi se nuk do ta marr\u00eb mandatin e tij n\u00eb parlament. K\u00ebt\u00eb ai e b\u00ebri t\u00eb ditur n\u00eb nj\u00eb video t\u00eb publikuar n\u00eb faqen e tij n\u00eb Facebook.<\/p>\n<p>\u201cUn\u00eb tani nuk nevojitem n\u00eb parlament, por p\u00ebr riorganizimin e kampit komb\u00ebtar,\u201d tha ai.<\/p>\n<p>Partia Fidesz humbi zgjedhjet<\/p>\n<p>Sipas v\u00ebzhguesve pas humbjes zgjedhore Orbani synon t\u00eb p\u00ebrqendrohet n\u00eb rolin e tij si kryetar i partis\u00eb. N\u00eb video ai theksoi se vazhdon t\u00eb jet\u00eb i gatsh\u00ebm p\u00ebr t\u00eb vazhduar si drejtues i partis\u00eb s\u00eb tij nacionaliste t\u00eb djatht\u00eb Fidesz, n\u00ebse delegat\u00ebt n\u00eb kongresin e qershorit e mb\u00ebshtesin.<\/p>\n<p>Viktor Orban dhe partia Fidesz humb\u00ebn qart\u00eb n\u00eb zgjedhjet parlamentare n\u00eb Hungari dy jav\u00eb m\u00eb par\u00eb ndaj partis\u00eb s\u00eb Peter Magyar. Me vet\u00ebm 52 nga 199 mandate, Fidesz kalon n\u00eb opozit\u00eb.<\/p>\n<p>62-vje\u00e7ari Orban \u00ebsht\u00eb deputet n\u00eb parlamentin hungarez q\u00eb nga viti 1990. Ai ka qeverisur Hungarin\u00eb p\u00ebr 16 vjet me nj\u00eb stil gjithnj\u00eb e m\u00eb autoritar.<\/p>\n<p>Peter Magyar, i cili m\u00eb par\u00eb ka qen\u00eb an\u00ebtar i Fidesz-it, u shk\u00ebput nga Orbani dhe partia e tij dy vite m\u00eb par\u00eb. Fituesi i zgjedhjeve paralajm\u00ebroi nj\u00eb \u201cndryshim t\u00eb plot\u00eb t\u00eb qeverisjes\u201d dhe kritikoi gjat\u00eb fushat\u00ebs stagnacionin ekonomik dhe korrupsionin n\u00eb rrethet e qeveris\u00eb s\u00eb Orban.<\/p>\n","protected":false},"excerpt":{"rendered":"<p>Kryeministri n\u00eb largim i Hungaris\u00eb, Viktor Orban, njoftoi se nuk do ta marr\u00eb mandatin e tij n\u00eb parlament. K\u00ebt\u00eb ai e b\u00ebri t\u00eb ditur n\u00eb nj\u00eb video t\u00eb publikuar n\u00eb faqen e tij n\u00eb Facebook. \u201cUn\u00eb tani nuk nevojitem n\u00eb parlament, por p\u00ebr riorganizimin e kampit komb\u00ebtar,\u201d tha ai. Partia Fidesz humbi zgjedhjet Sipas v\u00ebzhguesve [&hellip;]<\/p>\n","protected":false},"author":2,"featured_media":97091,"comment_status":"open","ping_status":"open","sticky":false,"template":"","format":"standard","meta":{"footnotes":""},"categories":[12],"tags":[],"class_list":{"0":"post-97090","1":"post","2":"type-post","3":"status-publish","4":"format-standard","5":"has-post-thumbnail","7":"category-bota"},"_links":{"self":[{"href":"https:\/\/neutrale.al\/index.php\/wp-json\/wp\/v2\/posts\/97090","targetHints":{"allow":["GET"]}}],"collection":[{"href":"https:\/\/neutrale.al\/index.php\/wp-json\/wp\/v2\/posts"}],"about":[{"href":"https:\/\/neutrale.al\/index.php\/wp-json\/wp\/v2\/types\/post"}],"author":[{"embeddable":true,"href":"https:\/\/neutrale.al\/index.php\/wp-json\/wp\/v2\/users\/2"}],"replies":[{"embeddable":true,"href":"https:\/\/neutrale.al\/index.php\/wp-json\/wp\/v2\/comments?post=97090"}],"version-history":[{"count":1,"href":"https:\/\/neutrale.al\/index.php\/wp-json\/wp\/v2\/posts\/97090\/revisions"}],"predecessor-version":[{"id":97092,"href":"https:\/\/neutrale.al\/index.php\/wp-json\/wp\/v2\/posts\/97090\/revisions\/97092"}],"wp:featuredmedia":[{"embeddable":true,"href":"https:\/\/neutrale.al\/index.php\/wp-json\/wp\/v2\/media\/97091"}],"wp:attachment":[{"href":"https:\/\/neutrale.al\/index.php\/wp-json\/wp\/v2\/media?parent=97090"}],"wp:term":[{"taxonomy":"category","embeddable":true,"href":"https:\/\/neutrale.al\/index.php\/wp-json\/wp\/v2\/categories?post=97090"},{"taxonomy":"post_tag","embeddable":true,"href":"https:\/\/neutrale.al\/index.php\/wp-json\/wp\/v2\/tags?post=97090"}],"curies":[{"name":"wp","href":"https:\/\/api.w.org\/{rel}","templated":true}]}}