{"id":97084,"date":"2026-04-26T11:51:39","date_gmt":"2026-04-26T11:51:39","guid":{"rendered":"https:\/\/neutrale.al\/?p=97084"},"modified":"2026-04-26T11:51:39","modified_gmt":"2026-04-26T11:51:39","slug":"aksidenti-tragjik-ne-lezhe-humbin-jeten-dr-anton-keci-dhe-vajza-e-tij-studente-e-mjekesise-bora-keci","status":"publish","type":"post","link":"https:\/\/neutrale.al\/index.php\/2026\/04\/26\/aksidenti-tragjik-ne-lezhe-humbin-jeten-dr-anton-keci-dhe-vajza-e-tij-studente-e-mjekesise-bora-keci\/","title":{"rendered":"Aksidenti tragjik n\u00eb Lezh\u00eb, humbin jet\u00ebn dr. Anton Ke\u00e7i dhe vajza e tij studente e mjek\u00ebsis\u00eb, Bora Ke\u00e7i"},"content":{"rendered":"<p>Anton dhe Bora Ke\u00e7i, bab\u00eb e bij\u00eb humb\u00ebn jet\u00ebn n\u00eb nj\u00eb aksident tragjik n\u00eb Lezh\u00eb mbr\u00ebmjen e djeshme.<br \/>\nN\u00eb nj\u00eb postim ngush\u00ebllimi t\u00eb shp\u00ebrndar\u00eb nga Drejtoria e Burgjeve, b\u00ebhet me dije se 52-vje\u00e7ari ishte shef i Sh\u00ebndet\u00ebsis\u00eb n\u00eb burgun e Lezh\u00ebs, nd\u00ebrsa e bija 20-vje\u00e7are ishte studente n\u00eb vitin e dyt\u00eb t\u00eb fakultetit t\u00eb Mjek\u00ebsis\u00eb.<br \/>\nAnton Ke\u00e7i ka sh\u00ebrbyer p\u00ebr 6 vite n\u00eb sistemin penitenciar, thuhet n\u00eb reagimin e Drejtoris\u00eb.<br \/>\n\u201cMe dhimbje t\u00eb thell\u00eb njoftojm\u00eb se m\u00eb dat\u00eb 25.04.2026, n\u00eb or\u00ebt e mbr\u00ebmjes, n\u00eb aksin rrugor Lezh\u00eb\u2013Gjad\u00ebr, n\u00eb vendin e quajtur Gocaj, si pasoj\u00eb e nj\u00eb aksidenti tragjik ku automjeti ka dal\u00eb nga rruga, kan\u00eb humbur jet\u00ebn Dr. Anton Ke\u00e7i, 52 vje\u00e7, Shef i Sh\u00ebndet\u00ebsis\u00eb n\u00eb IEVP Lezh\u00eb, si dhe vajza e tij 20-vje\u00e7are, studente n\u00eb vitin e dyt\u00eb n\u00eb Fakultetin e Mjek\u00ebsis\u00eb.<br \/>\nDr. Ke\u00e7i sh\u00ebrbeu me p\u00ebrkushtim p\u00ebr rreth 6 vite n\u00eb sistemin penitenciar, duke l\u00ebn\u00eb pas vler\u00ebsim profesional dhe njer\u00ebzor tek koleg\u00ebt dhe t\u00eb gjith\u00eb ata q\u00eb e njoh\u00ebn.<br \/>\nN\u00eb k\u00ebto momente t\u00eb r\u00ebnda, shprehim ngush\u00ebllimet m\u00eb t\u00eb sinqerta p\u00ebr familjen, koleg\u00ebt dhe t\u00eb af\u00ebrmit. Jemi pran\u00eb bashk\u00ebshortes dhe djalit t\u00eb tij, duke ndar\u00eb dhimbjen e madhe p\u00ebr k\u00ebt\u00eb humbje t\u00eb parakohshme dhe t\u00eb paz\u00ebvend\u00ebsueshme\u201d, thuhet n\u00eb postim.<\/p>\n","protected":false},"excerpt":{"rendered":"<p>Anton dhe Bora Ke\u00e7i, bab\u00eb e bij\u00eb humb\u00ebn jet\u00ebn n\u00eb nj\u00eb aksident tragjik n\u00eb Lezh\u00eb mbr\u00ebmjen e djeshme. N\u00eb nj\u00eb postim ngush\u00ebllimi t\u00eb shp\u00ebrndar\u00eb nga Drejtoria e Burgjeve, b\u00ebhet me dije se 52-vje\u00e7ari ishte shef i Sh\u00ebndet\u00ebsis\u00eb n\u00eb burgun e Lezh\u00ebs, nd\u00ebrsa e bija 20-vje\u00e7are ishte studente n\u00eb vitin e dyt\u00eb t\u00eb fakultetit t\u00eb Mjek\u00ebsis\u00eb. [&hellip;]<\/p>\n","protected":false},"author":2,"featured_media":97085,"comment_status":"open","ping_status":"open","sticky":false,"template":"","format":"standard","meta":{"footnotes":""},"categories":[1],"tags":[],"class_list":{"0":"post-97084","1":"post","2":"type-post","3":"status-publish","4":"format-standard","5":"has-post-thumbnail","7":"category-te-tjera"},"_links":{"self":[{"href":"https:\/\/neutrale.al\/index.php\/wp-json\/wp\/v2\/posts\/97084","targetHints":{"allow":["GET"]}}],"collection":[{"href":"https:\/\/neutrale.al\/index.php\/wp-json\/wp\/v2\/posts"}],"about":[{"href":"https:\/\/neutrale.al\/index.php\/wp-json\/wp\/v2\/types\/post"}],"author":[{"embeddable":true,"href":"https:\/\/neutrale.al\/index.php\/wp-json\/wp\/v2\/users\/2"}],"replies":[{"embeddable":true,"href":"https:\/\/neutrale.al\/index.php\/wp-json\/wp\/v2\/comments?post=97084"}],"version-history":[{"count":1,"href":"https:\/\/neutrale.al\/index.php\/wp-json\/wp\/v2\/posts\/97084\/revisions"}],"predecessor-version":[{"id":97086,"href":"https:\/\/neutrale.al\/index.php\/wp-json\/wp\/v2\/posts\/97084\/revisions\/97086"}],"wp:featuredmedia":[{"embeddable":true,"href":"https:\/\/neutrale.al\/index.php\/wp-json\/wp\/v2\/media\/97085"}],"wp:attachment":[{"href":"https:\/\/neutrale.al\/index.php\/wp-json\/wp\/v2\/media?parent=97084"}],"wp:term":[{"taxonomy":"category","embeddable":true,"href":"https:\/\/neutrale.al\/index.php\/wp-json\/wp\/v2\/categories?post=97084"},{"taxonomy":"post_tag","embeddable":true,"href":"https:\/\/neutrale.al\/index.php\/wp-json\/wp\/v2\/tags?post=97084"}],"curies":[{"name":"wp","href":"https:\/\/api.w.org\/{rel}","templated":true}]}}