{"id":96725,"date":"2026-04-10T19:00:23","date_gmt":"2026-04-10T19:00:23","guid":{"rendered":"https:\/\/neutrale.al\/?p=96725"},"modified":"2026-04-10T19:00:23","modified_gmt":"2026-04-10T19:00:23","slug":"rama-takon-pensionistet-do-kemi-rritje-cdo-janar-votoni-ps-ne","status":"publish","type":"post","link":"https:\/\/neutrale.al\/index.php\/2026\/04\/10\/rama-takon-pensionistet-do-kemi-rritje-cdo-janar-votoni-ps-ne\/","title":{"rendered":"Rama takon pensionist\u00ebt: Do kemi rritje \u00e7do janar, votoni PS-n\u00eb"},"content":{"rendered":"<p>Kryeministri Rama zhvilloi mesdit\u00ebn e k\u00ebsaj t\u00eb premte nj\u00eb takim me pensionist\u00ebt n\u00eb Tiran\u00eb.<\/p>\n<p>Sipas Ram\u00ebs, m\u00eb par\u00eb ekonomia nuk i jepte mund\u00ebsin\u00eb qeveris\u00eb t\u00eb rriste pensionet, por tashm\u00eb me rritjen e prodhimit t\u00eb p\u00ebrgjithsh\u00ebm komb\u00ebtar, sipas tij, tani \u00ebsht\u00eb b\u00ebr\u00eb e mundur rritja e pensioneve, t\u00eb cilat do rriten \u00e7do janar.<br \/>\nRama vazhdoi retorik\u00ebn  kundrejt pensionist\u00ebve duke th\u00ebn\u00eb se k\u00ebta t\u00eb fundit e njohin politik\u00ebn m\u00eb mir\u00eb se 90% t\u00eb deputet\u00ebve dhe prandaj duhet t\u00eb votojn\u00eb n\u00eb shumic\u00eb d\u00ebrrmuese Partis\u00eb Socialiste.<br \/>\n\u201cP\u00ebr pensionet jemi n\u00eb nj\u00eb faz\u00eb tjet\u00ebr. E kemi patur problem faktin q\u00eb nuk i rrisnim dot pensionet. Filluan t\u00eb rriten pagat dhe t\u00eb vihen n\u00eb vij\u00eb investimet, p\u00ebrs\u00ebri te pensionet e kishim t\u00eb pamundur. Ndesheshim me k\u00ebt\u00eb stres nga ana e pensionist\u00ebve q\u00eb realisht e kan\u00eb m\u00eb t\u00eb v\u00ebshtir\u00eb se t\u00eb tjer\u00ebt. E vetmja gj\u00eb q\u00eb kemi b\u00ebr\u00eb ka qen\u00eb indeksimi i pensioneve. Por nuk \u00ebsht\u00eb rritje. Ajo q\u00eb ju kam th\u00ebn\u00eb dhe kam p\u00ebrs\u00ebritur, e v\u00ebrteta na pengonte t\u00eb shkonim te pensionet se ekonomia nuk na mb\u00ebshteste nj\u00eb plan real rritje. M\u00eb n\u00eb fund si\u00e7 kishim parashikuar erdhi momenti q\u00eb ekonomia na krijoi k\u00ebt\u00eb mund\u00ebsi. Tani nga janari merrni pensione m\u00eb t\u00eb larta. \u00c7do janar pensioni do rritet. Janarin e ardhsh\u00ebm do jet\u00eb dyfishi, janari 2028 trefishi, 2029 4 fishi dhe 2030 5 fishi. P\u00ebr t\u00eb arritur te ajo shum\u00eb p\u00ebr t\u00eb arritur objektivat q\u00eb kemi shpallur me ju.<\/p>\n<p>Ne nd\u00ebrkoh\u00eb kemi diskutuar p\u00ebr t\u00eb tjera ndryshime n\u00eb skem\u00ebn e pensioneve. Duke filluar t\u00eb krijojm\u00eb nj\u00eb hap\u00ebsir\u00eb tjet\u00ebr p\u00ebr ata q\u00eb duan t\u00eb kursejn\u00eb m\u00eb shum\u00eb p\u00ebr t\u00eb patur pension m\u00eb t\u00eb lart\u00eb. Do rishikojm\u00eb skem\u00ebn p\u00ebr pensionist\u00ebt e vet\u00ebpun\u00ebsuar dhe ata q\u00eb vazhdojn\u00eb t\u00eb punojn\u00eb. Shkojn\u00eb n\u00eb favor t\u00eb pensionist\u00ebve. Kemi diskutuar mb\u00ebshtetjen p\u00ebr invalid\u00ebt. Kan\u00eb t\u00eb k\u00ebrkojn\u00eb t\u00eb trajtohen n\u00eb m\u00ebnyr\u00eb t\u00eb barabart\u00eb. Sidoqoft\u00eb ai q\u00eb p\u00ebr shkak t\u00eb pun\u00ebs ka humbur aft\u00ebsin\u00eb p\u00ebr pun\u00eb, nuk mund t\u00eb lihet prapa atij ka aft\u00ebsin\u00eb. Thelbi i k\u00ebtyre q\u00eb po them \u00ebsht\u00eb ekonomia. Ndryshimi dometh\u00ebn\u00ebs i ekonomis\u00eb. I kemi mund\u00ebsit\u00eb. Lajm i mir\u00eb sot \u00ebsht\u00eb q\u00eb kemi kaluar n\u00eb nj\u00eb tjet\u00ebr nivel, qoft\u00eb n\u00eb aspektin e prodhimit t\u00eb p\u00ebrgjithsh\u00ebm. Jemi n\u00eb kushtet edhe rritja ekonomike e q\u00ebndrueshme na ndihmon t\u00eb adresojm\u00eb shum\u00eb \u00e7\u00ebshtje.<br \/>\nJu politik\u00ebn e dini m\u00eb t\u00eb mir\u00eb se t\u00eb tjer\u00ebt prandaj n\u00eb shumic\u00eb votoni k\u00ebt\u00eb shumic\u00eb qeveris\u00ebse t\u00eb vazhdoj\u00eb pun\u00ebn. \u00a0E njihni politik\u00ebn m\u00eb mir\u00eb se 90% e deputet\u00ebve\u201d,-\u00a0u shpreh kreu i qeveris\u00eb.<\/p>\n","protected":false},"excerpt":{"rendered":"<p>Kryeministri Rama zhvilloi mesdit\u00ebn e k\u00ebsaj t\u00eb premte nj\u00eb takim me pensionist\u00ebt n\u00eb Tiran\u00eb. Sipas Ram\u00ebs, m\u00eb par\u00eb ekonomia nuk i jepte mund\u00ebsin\u00eb qeveris\u00eb t\u00eb rriste pensionet, por tashm\u00eb me rritjen e prodhimit t\u00eb p\u00ebrgjithsh\u00ebm komb\u00ebtar, sipas tij, tani \u00ebsht\u00eb b\u00ebr\u00eb e mundur rritja e pensioneve, t\u00eb cilat do rriten \u00e7do janar. Rama vazhdoi retorik\u00ebn [&hellip;]<\/p>\n","protected":false},"author":2,"featured_media":96726,"comment_status":"open","ping_status":"open","sticky":false,"template":"","format":"standard","meta":{"footnotes":""},"categories":[1],"tags":[],"class_list":{"0":"post-96725","1":"post","2":"type-post","3":"status-publish","4":"format-standard","5":"has-post-thumbnail","7":"category-te-tjera"},"_links":{"self":[{"href":"https:\/\/neutrale.al\/index.php\/wp-json\/wp\/v2\/posts\/96725","targetHints":{"allow":["GET"]}}],"collection":[{"href":"https:\/\/neutrale.al\/index.php\/wp-json\/wp\/v2\/posts"}],"about":[{"href":"https:\/\/neutrale.al\/index.php\/wp-json\/wp\/v2\/types\/post"}],"author":[{"embeddable":true,"href":"https:\/\/neutrale.al\/index.php\/wp-json\/wp\/v2\/users\/2"}],"replies":[{"embeddable":true,"href":"https:\/\/neutrale.al\/index.php\/wp-json\/wp\/v2\/comments?post=96725"}],"version-history":[{"count":1,"href":"https:\/\/neutrale.al\/index.php\/wp-json\/wp\/v2\/posts\/96725\/revisions"}],"predecessor-version":[{"id":96727,"href":"https:\/\/neutrale.al\/index.php\/wp-json\/wp\/v2\/posts\/96725\/revisions\/96727"}],"wp:featuredmedia":[{"embeddable":true,"href":"https:\/\/neutrale.al\/index.php\/wp-json\/wp\/v2\/media\/96726"}],"wp:attachment":[{"href":"https:\/\/neutrale.al\/index.php\/wp-json\/wp\/v2\/media?parent=96725"}],"wp:term":[{"taxonomy":"category","embeddable":true,"href":"https:\/\/neutrale.al\/index.php\/wp-json\/wp\/v2\/categories?post=96725"},{"taxonomy":"post_tag","embeddable":true,"href":"https:\/\/neutrale.al\/index.php\/wp-json\/wp\/v2\/tags?post=96725"}],"curies":[{"name":"wp","href":"https:\/\/api.w.org\/{rel}","templated":true}]}}