{"id":96718,"date":"2026-04-10T15:03:20","date_gmt":"2026-04-10T15:03:20","guid":{"rendered":"https:\/\/neutrale.al\/?p=96718"},"modified":"2026-04-10T15:03:20","modified_gmt":"2026-04-10T15:03:20","slug":"ish-kryetari-i-bashkise-se-new-york-ut-eric-adams-merr-pasaporte-shqiptare","status":"publish","type":"post","link":"https:\/\/neutrale.al\/index.php\/2026\/04\/10\/ish-kryetari-i-bashkise-se-new-york-ut-eric-adams-merr-pasaporte-shqiptare\/","title":{"rendered":"Ish-kryetari i bashkis\u00eb s\u00eb New York-ut, Eric Adams merr pasaport\u00eb shqiptare"},"content":{"rendered":"<p>Ish-kryetari i bashkis\u00eb s\u00eb Nju Jorkut, Eric Adams, \u00ebsht\u00eb pajisur me pasaport\u00eb shqiptare.<\/p>\n<p>Vendimi \u00ebsht\u00eb miratuar me nj\u00eb dekret t\u00eb ve\u00e7ant\u00eb nga Presidenti i Republik\u00ebs, Bajram Begaj.<br \/>\nNuk jan\u00eb b\u00ebr\u00eb publike ende detaje t\u00eb tjera lidhur me arsyet apo procedurat e dh\u00ebnies s\u00eb shtet\u00ebsis\u00eb.<\/p>\n<p>N\u00eb dekret thuhet se Adams u pajis me pasaport\u00eb shqiptare me k\u00ebrkes\u00eb t\u00eb tij vet\u00eb. <\/p>\n<p> Adams ishte m\u00eb par\u00eb p\u00ebr nj\u00eb vizit\u00eb n\u00eb Shqip\u00ebri, n\u00eb tetor t\u00eb 2025 ku u takua dhe me kryeministrin Edi Rama.<\/p>\n<p><img loading=\"lazy\" loading=\"lazy\" decoding=\"async\" src=\"https:\/\/neutrale.al\/wp-content\/uploads\/2026\/04\/993c96ac-34ea-4ce5-913e-3f953b4915f3-300x234.jpeg\" alt=\"\" width=\"300\" height=\"234\" class=\"alignnone size-medium wp-image-96719\" srcset=\"https:\/\/neutrale.al\/wp-content\/uploads\/2026\/04\/993c96ac-34ea-4ce5-913e-3f953b4915f3-300x234.jpeg 300w, https:\/\/neutrale.al\/wp-content\/uploads\/2026\/04\/993c96ac-34ea-4ce5-913e-3f953b4915f3-768x600.jpeg 768w, https:\/\/neutrale.al\/wp-content\/uploads\/2026\/04\/993c96ac-34ea-4ce5-913e-3f953b4915f3.jpeg 783w\" sizes=\"auto, (max-width: 300px) 100vw, 300px\" \/><\/p>\n<p><img loading=\"lazy\" loading=\"lazy\" decoding=\"async\" src=\"https:\/\/neutrale.al\/wp-content\/uploads\/2026\/04\/ef3ef3b5-bb35-4963-b101-10ad9f1ef6ac-238x300.jpeg\" alt=\"\" width=\"238\" height=\"300\" class=\"alignnone size-medium wp-image-96720\" srcset=\"https:\/\/neutrale.al\/wp-content\/uploads\/2026\/04\/ef3ef3b5-bb35-4963-b101-10ad9f1ef6ac-238x300.jpeg 238w, https:\/\/neutrale.al\/wp-content\/uploads\/2026\/04\/ef3ef3b5-bb35-4963-b101-10ad9f1ef6ac-813x1024.jpeg 813w, https:\/\/neutrale.al\/wp-content\/uploads\/2026\/04\/ef3ef3b5-bb35-4963-b101-10ad9f1ef6ac-768x967.jpeg 768w, https:\/\/neutrale.al\/wp-content\/uploads\/2026\/04\/ef3ef3b5-bb35-4963-b101-10ad9f1ef6ac-860x1083.jpeg 860w, https:\/\/neutrale.al\/wp-content\/uploads\/2026\/04\/ef3ef3b5-bb35-4963-b101-10ad9f1ef6ac.jpeg 1038w\" sizes=\"auto, (max-width: 238px) 100vw, 238px\" \/><\/p>\n<p><img loading=\"lazy\" loading=\"lazy\" decoding=\"async\" src=\"https:\/\/neutrale.al\/wp-content\/uploads\/2026\/04\/86947143-8c12-4838-ad82-594ad0c527bd-300x169.jpeg\" alt=\"\" width=\"300\" height=\"169\" class=\"alignnone size-medium wp-image-96721\" srcset=\"https:\/\/neutrale.al\/wp-content\/uploads\/2026\/04\/86947143-8c12-4838-ad82-594ad0c527bd-300x169.jpeg 300w, https:\/\/neutrale.al\/wp-content\/uploads\/2026\/04\/86947143-8c12-4838-ad82-594ad0c527bd.jpeg 640w\" sizes=\"auto, (max-width: 300px) 100vw, 300px\" \/><\/p>\n","protected":false},"excerpt":{"rendered":"<p>Ish-kryetari i bashkis\u00eb s\u00eb Nju Jorkut, Eric Adams, \u00ebsht\u00eb pajisur me pasaport\u00eb shqiptare. Vendimi \u00ebsht\u00eb miratuar me nj\u00eb dekret t\u00eb ve\u00e7ant\u00eb nga Presidenti i Republik\u00ebs, Bajram Begaj. Nuk jan\u00eb b\u00ebr\u00eb publike ende detaje t\u00eb tjera lidhur me arsyet apo procedurat e dh\u00ebnies s\u00eb shtet\u00ebsis\u00eb. N\u00eb dekret thuhet se Adams u pajis me pasaport\u00eb shqiptare me [&hellip;]<\/p>\n","protected":false},"author":2,"featured_media":96721,"comment_status":"open","ping_status":"open","sticky":false,"template":"","format":"standard","meta":{"footnotes":""},"categories":[118],"tags":[],"class_list":{"0":"post-96718","1":"post","2":"type-post","3":"status-publish","4":"format-standard","5":"has-post-thumbnail","7":"category-kryesore"},"_links":{"self":[{"href":"https:\/\/neutrale.al\/index.php\/wp-json\/wp\/v2\/posts\/96718","targetHints":{"allow":["GET"]}}],"collection":[{"href":"https:\/\/neutrale.al\/index.php\/wp-json\/wp\/v2\/posts"}],"about":[{"href":"https:\/\/neutrale.al\/index.php\/wp-json\/wp\/v2\/types\/post"}],"author":[{"embeddable":true,"href":"https:\/\/neutrale.al\/index.php\/wp-json\/wp\/v2\/users\/2"}],"replies":[{"embeddable":true,"href":"https:\/\/neutrale.al\/index.php\/wp-json\/wp\/v2\/comments?post=96718"}],"version-history":[{"count":2,"href":"https:\/\/neutrale.al\/index.php\/wp-json\/wp\/v2\/posts\/96718\/revisions"}],"predecessor-version":[{"id":96723,"href":"https:\/\/neutrale.al\/index.php\/wp-json\/wp\/v2\/posts\/96718\/revisions\/96723"}],"wp:featuredmedia":[{"embeddable":true,"href":"https:\/\/neutrale.al\/index.php\/wp-json\/wp\/v2\/media\/96721"}],"wp:attachment":[{"href":"https:\/\/neutrale.al\/index.php\/wp-json\/wp\/v2\/media?parent=96718"}],"wp:term":[{"taxonomy":"category","embeddable":true,"href":"https:\/\/neutrale.al\/index.php\/wp-json\/wp\/v2\/categories?post=96718"},{"taxonomy":"post_tag","embeddable":true,"href":"https:\/\/neutrale.al\/index.php\/wp-json\/wp\/v2\/tags?post=96718"}],"curies":[{"name":"wp","href":"https:\/\/api.w.org\/{rel}","templated":true}]}}