{"id":96713,"date":"2026-04-10T14:42:44","date_gmt":"2026-04-10T14:42:44","guid":{"rendered":"https:\/\/neutrale.al\/?p=96713"},"modified":"2026-04-10T14:42:44","modified_gmt":"2026-04-10T14:42:44","slug":"presidenti-begaj-priti-sot-gjeneral-luciano-portolano-shef-i-shtabit-te-pergjithshem-te-italise","status":"publish","type":"post","link":"https:\/\/neutrale.al\/index.php\/2026\/04\/10\/presidenti-begaj-priti-sot-gjeneral-luciano-portolano-shef-i-shtabit-te-pergjithshem-te-italise\/","title":{"rendered":"Presidenti Begaj priti sot Gjeneral Luciano Portolano, Shef i Shtabit t\u00eb P\u00ebrgjithsh\u00ebm t\u00eb Italis\u00eb."},"content":{"rendered":"<p>Presidenti i Republik\u00ebs, Z. Bajram Begaj, priti sot Gjeneral Luciano Portolano,<br \/>\nShef i Shtabit t\u00eb P\u00ebrgjithsh\u00ebm t\u00eb Forcave t\u00eb Armatosura t\u00eb Republik\u00ebs s\u00eb Italis\u00eb.<br \/>\nGjat\u00eb takimit, Presidenti Begaj vler\u00ebsoi marr\u00ebdh\u00ebniet shum\u00eb t\u00eb mira dhe partneritetin strategjik mes Shqip\u00ebris\u00eb dhe Italis\u00eb.<\/p>\n<p>Kreu i Shtetit vler\u00ebsoi kontributin e vyer t\u00eb Italis\u00eb n\u00eb procesin e integrimit Euroatlantik t\u00eb Shqip\u00ebris\u00eb, si dhe mb\u00ebshtetjen e vazhdueshme n\u00eb transformimin dhe modernizimin e Forcave t\u00eb Armatosura shqiptare p\u00ebrmes edukimit, trajnimit dhe rritjes s\u00eb kapaciteteve mbrojt\u00ebse.<\/p>\n<p>Presidenti i Republik\u00ebs vler\u00ebsoi bashk\u00ebpunimin n\u00eb kuad\u00ebr t\u00eb misioneve nd\u00ebrkomb\u00ebtare t\u00eb NATO-s dhe BE-s\u00eb, ku trupat shqiptare dhe italiane kan\u00eb sh\u00ebrbyer s\u00eb bashku n\u00eb operacione n\u00eb Afganistan, Kosov\u00eb, Letoni, Bullgari dhe Bosnje dhe Hercegovin\u00eb.<br \/>\nPresidenti Begaj shprehu mir\u00ebnjohje p\u00ebr kontributin Italis\u00eb dhe p\u00ebr mb\u00ebshtetjen e dh\u00ebn\u00eb ndaj trupave shqiptare.<\/p>\n<p>Gjat\u00eb takimit u theksua edhe r\u00ebnd\u00ebsia e misionit KFOR p\u00ebr garantimin e paqes dhe siguris\u00eb n\u00eb Kosov\u00eb e n\u00eb rajon, duke e konsideruar at\u00eb si nj\u00eb prioritet strategjik p\u00ebr stabilitetin afatgjat\u00eb t\u00eb Ballkanit Per\u00ebndimor.<\/p>\n<p>Presidenti i Republik\u00ebs shprehu bindjen se bashk\u00ebpunimi mes Forcave t\u00eb Armatosura t\u00eb Shqip\u00ebris\u00eb dhe Italis\u00eb do t\u00eb vijoj\u00eb t\u00eb forcohet m\u00eb tej n\u00eb funksion t\u00eb siguris\u00eb, paqes dhe prosperitetit t\u00eb p\u00ebrbashk\u00ebt.<\/p>\n<p><img loading=\"lazy\" loading=\"lazy\" decoding=\"async\" src=\"https:\/\/neutrale.al\/wp-content\/uploads\/2026\/04\/06d8ba0d-a4c2-4a9f-bc95-52b7ff60cf02-300x200.jpeg\" alt=\"\" width=\"300\" height=\"200\" class=\"alignnone size-medium wp-image-96714\" srcset=\"https:\/\/neutrale.al\/wp-content\/uploads\/2026\/04\/06d8ba0d-a4c2-4a9f-bc95-52b7ff60cf02-300x200.jpeg 300w, https:\/\/neutrale.al\/wp-content\/uploads\/2026\/04\/06d8ba0d-a4c2-4a9f-bc95-52b7ff60cf02-1024x682.jpeg 1024w, https:\/\/neutrale.al\/wp-content\/uploads\/2026\/04\/06d8ba0d-a4c2-4a9f-bc95-52b7ff60cf02-768x512.jpeg 768w, https:\/\/neutrale.al\/wp-content\/uploads\/2026\/04\/06d8ba0d-a4c2-4a9f-bc95-52b7ff60cf02-1536x1023.jpeg 1536w, https:\/\/neutrale.al\/wp-content\/uploads\/2026\/04\/06d8ba0d-a4c2-4a9f-bc95-52b7ff60cf02-330x220.jpeg 330w, https:\/\/neutrale.al\/wp-content\/uploads\/2026\/04\/06d8ba0d-a4c2-4a9f-bc95-52b7ff60cf02-420x280.jpeg 420w, https:\/\/neutrale.al\/wp-content\/uploads\/2026\/04\/06d8ba0d-a4c2-4a9f-bc95-52b7ff60cf02-615x410.jpeg 615w, https:\/\/neutrale.al\/wp-content\/uploads\/2026\/04\/06d8ba0d-a4c2-4a9f-bc95-52b7ff60cf02-860x573.jpeg 860w, https:\/\/neutrale.al\/wp-content\/uploads\/2026\/04\/06d8ba0d-a4c2-4a9f-bc95-52b7ff60cf02.jpeg 1600w\" sizes=\"auto, (max-width: 300px) 100vw, 300px\" \/><\/p>\n<p><img loading=\"lazy\" loading=\"lazy\" decoding=\"async\" src=\"https:\/\/neutrale.al\/wp-content\/uploads\/2026\/04\/fa59c100-9afa-4463-b23d-3053aa6d2b0f-300x200.jpeg\" alt=\"\" width=\"300\" height=\"200\" class=\"alignnone size-medium wp-image-96715\" srcset=\"https:\/\/neutrale.al\/wp-content\/uploads\/2026\/04\/fa59c100-9afa-4463-b23d-3053aa6d2b0f-300x200.jpeg 300w, https:\/\/neutrale.al\/wp-content\/uploads\/2026\/04\/fa59c100-9afa-4463-b23d-3053aa6d2b0f-1024x682.jpeg 1024w, https:\/\/neutrale.al\/wp-content\/uploads\/2026\/04\/fa59c100-9afa-4463-b23d-3053aa6d2b0f-768x512.jpeg 768w, https:\/\/neutrale.al\/wp-content\/uploads\/2026\/04\/fa59c100-9afa-4463-b23d-3053aa6d2b0f-1536x1023.jpeg 1536w, https:\/\/neutrale.al\/wp-content\/uploads\/2026\/04\/fa59c100-9afa-4463-b23d-3053aa6d2b0f-330x220.jpeg 330w, https:\/\/neutrale.al\/wp-content\/uploads\/2026\/04\/fa59c100-9afa-4463-b23d-3053aa6d2b0f-420x280.jpeg 420w, https:\/\/neutrale.al\/wp-content\/uploads\/2026\/04\/fa59c100-9afa-4463-b23d-3053aa6d2b0f-615x410.jpeg 615w, https:\/\/neutrale.al\/wp-content\/uploads\/2026\/04\/fa59c100-9afa-4463-b23d-3053aa6d2b0f-860x573.jpeg 860w, https:\/\/neutrale.al\/wp-content\/uploads\/2026\/04\/fa59c100-9afa-4463-b23d-3053aa6d2b0f.jpeg 1600w\" sizes=\"auto, (max-width: 300px) 100vw, 300px\" \/><\/p>\n","protected":false},"excerpt":{"rendered":"<p>Presidenti i Republik\u00ebs, Z. Bajram Begaj, priti sot Gjeneral Luciano Portolano, Shef i Shtabit t\u00eb P\u00ebrgjithsh\u00ebm t\u00eb Forcave t\u00eb Armatosura t\u00eb Republik\u00ebs s\u00eb Italis\u00eb. Gjat\u00eb takimit, Presidenti Begaj vler\u00ebsoi marr\u00ebdh\u00ebniet shum\u00eb t\u00eb mira dhe partneritetin strategjik mes Shqip\u00ebris\u00eb dhe Italis\u00eb. Kreu i Shtetit vler\u00ebsoi kontributin e vyer t\u00eb Italis\u00eb n\u00eb procesin e integrimit Euroatlantik t\u00eb [&hellip;]<\/p>\n","protected":false},"author":2,"featured_media":96715,"comment_status":"open","ping_status":"open","sticky":false,"template":"","format":"standard","meta":{"footnotes":""},"categories":[118],"tags":[],"class_list":{"0":"post-96713","1":"post","2":"type-post","3":"status-publish","4":"format-standard","5":"has-post-thumbnail","7":"category-kryesore"},"_links":{"self":[{"href":"https:\/\/neutrale.al\/index.php\/wp-json\/wp\/v2\/posts\/96713","targetHints":{"allow":["GET"]}}],"collection":[{"href":"https:\/\/neutrale.al\/index.php\/wp-json\/wp\/v2\/posts"}],"about":[{"href":"https:\/\/neutrale.al\/index.php\/wp-json\/wp\/v2\/types\/post"}],"author":[{"embeddable":true,"href":"https:\/\/neutrale.al\/index.php\/wp-json\/wp\/v2\/users\/2"}],"replies":[{"embeddable":true,"href":"https:\/\/neutrale.al\/index.php\/wp-json\/wp\/v2\/comments?post=96713"}],"version-history":[{"count":2,"href":"https:\/\/neutrale.al\/index.php\/wp-json\/wp\/v2\/posts\/96713\/revisions"}],"predecessor-version":[{"id":96717,"href":"https:\/\/neutrale.al\/index.php\/wp-json\/wp\/v2\/posts\/96713\/revisions\/96717"}],"wp:featuredmedia":[{"embeddable":true,"href":"https:\/\/neutrale.al\/index.php\/wp-json\/wp\/v2\/media\/96715"}],"wp:attachment":[{"href":"https:\/\/neutrale.al\/index.php\/wp-json\/wp\/v2\/media?parent=96713"}],"wp:term":[{"taxonomy":"category","embeddable":true,"href":"https:\/\/neutrale.al\/index.php\/wp-json\/wp\/v2\/categories?post=96713"},{"taxonomy":"post_tag","embeddable":true,"href":"https:\/\/neutrale.al\/index.php\/wp-json\/wp\/v2\/tags?post=96713"}],"curies":[{"name":"wp","href":"https:\/\/api.w.org\/{rel}","templated":true}]}}