{"id":9535,"date":"2022-07-16T05:17:41","date_gmt":"2022-07-16T05:17:41","guid":{"rendered":"https:\/\/neutrale.al\/?p=9535"},"modified":"2022-07-16T05:17:41","modified_gmt":"2022-07-16T05:17:41","slug":"nikos-vertis-ne-mykonos-cmendet-ishulli-magjik","status":"publish","type":"post","link":"https:\/\/neutrale.al\/index.php\/2022\/07\/16\/nikos-vertis-ne-mykonos-cmendet-ishulli-magjik\/","title":{"rendered":"Nikos Vertis n\u00eb Mykonos, &#8220;\u00e7mendet&#8221; ishulli magjik&#8230;"},"content":{"rendered":"<p>15 000 euro kushton rezervimi i nj\u00eb tavoline p\u00ebr t\u00eb ndjekur koncertin e k\u00ebng\u00ebtarit t\u00eb njohur <\/p>\n<p>Artisti i famsh\u00ebm, Nikos Vertis, do t\u00eb performoj\u00eb sot n\u00eb ishullin luksoz t\u00eb Mykonos dhe konkretisht n\u00eb nj\u00eb beach bar.<br \/>\n&#8220;\u00c7menduria&#8221; \u00ebsht\u00eb \u00e7mimi marramend\u00ebs, pasi nj\u00eb tavolin\u00eb n\u00eb rreshtin e par\u00eb kushton minimalisht 15 000 euro dhe t\u00eb interesuarit duhet t\u00eb paguajn\u00eb gjysm\u00ebn e saj paradh\u00ebnie, pra 7.500 euro p\u00ebr t\u00eb siguruar rezervimin. <\/p>\n<p>\u00c7mimi p\u00ebrfshin nj\u00eb menu ushqimore, nj\u00eb vodka tre litra, nj\u00eb shampanj\u00eb 1.5 litra dhe nj\u00eb shishe tequila premium. <\/p>\n<p>Tashm\u00eb tavolinat e para jan\u00eb shitur me klient\u00ebt izraelit\u00eb q\u00eb vijn\u00eb nga Tel Avivi posa\u00e7\u00ebrisht p\u00ebr Nikos Vertisin, i cili \u00ebsht\u00eb ve\u00e7an\u00ebrisht i dashur n\u00eb vendin e tyre. <\/p>\n<p>Rreshtat e tjera t\u00eb tavolinave jan\u00eb po aq t\u00eb shtrenjta, me \u00e7mime q\u00eb fillojn\u00eb nga 350 euro p\u00ebr person deri n\u00eb 850 euro p\u00ebr person. Organizator\u00ebt po k\u00ebrkojn\u00eb q\u00eb njer\u00ebzit t\u00eb jen\u00eb n\u00eb barin e plazhit n\u00eb or\u00ebn 22:00 p\u00ebr t\u00eb filluar sistemimin dhe sh\u00ebrbimin n\u00eb tavolina.<br \/>\nNd\u00ebrsa Vertis, \u00ebsht\u00eb planifikuar t\u00eb dal\u00eb n\u00eb sken\u00eb rreth or\u00ebs 24:00.<\/p>\n","protected":false},"excerpt":{"rendered":"<p>15 000 euro kushton rezervimi i nj\u00eb tavoline p\u00ebr t\u00eb ndjekur koncertin e k\u00ebng\u00ebtarit t\u00eb njohur Artisti i famsh\u00ebm, Nikos Vertis, do t\u00eb performoj\u00eb sot n\u00eb ishullin luksoz t\u00eb Mykonos dhe konkretisht n\u00eb nj\u00eb beach bar. &#8220;\u00c7menduria&#8221; \u00ebsht\u00eb \u00e7mimi marramend\u00ebs, pasi nj\u00eb tavolin\u00eb n\u00eb rreshtin e par\u00eb kushton minimalisht 15 000 euro dhe t\u00eb interesuarit [&hellip;]<\/p>\n","protected":false},"author":2,"featured_media":9536,"comment_status":"open","ping_status":"open","sticky":false,"template":"","format":"standard","meta":{"footnotes":""},"categories":[6,122],"tags":[27],"class_list":{"0":"post-9535","1":"post","2":"type-post","3":"status-publish","4":"format-standard","5":"has-post-thumbnail","7":"category-rajoni","8":"category-showbizz","9":"tag-lajme"},"_links":{"self":[{"href":"https:\/\/neutrale.al\/index.php\/wp-json\/wp\/v2\/posts\/9535","targetHints":{"allow":["GET"]}}],"collection":[{"href":"https:\/\/neutrale.al\/index.php\/wp-json\/wp\/v2\/posts"}],"about":[{"href":"https:\/\/neutrale.al\/index.php\/wp-json\/wp\/v2\/types\/post"}],"author":[{"embeddable":true,"href":"https:\/\/neutrale.al\/index.php\/wp-json\/wp\/v2\/users\/2"}],"replies":[{"embeddable":true,"href":"https:\/\/neutrale.al\/index.php\/wp-json\/wp\/v2\/comments?post=9535"}],"version-history":[{"count":1,"href":"https:\/\/neutrale.al\/index.php\/wp-json\/wp\/v2\/posts\/9535\/revisions"}],"predecessor-version":[{"id":9537,"href":"https:\/\/neutrale.al\/index.php\/wp-json\/wp\/v2\/posts\/9535\/revisions\/9537"}],"wp:featuredmedia":[{"embeddable":true,"href":"https:\/\/neutrale.al\/index.php\/wp-json\/wp\/v2\/media\/9536"}],"wp:attachment":[{"href":"https:\/\/neutrale.al\/index.php\/wp-json\/wp\/v2\/media?parent=9535"}],"wp:term":[{"taxonomy":"category","embeddable":true,"href":"https:\/\/neutrale.al\/index.php\/wp-json\/wp\/v2\/categories?post=9535"},{"taxonomy":"post_tag","embeddable":true,"href":"https:\/\/neutrale.al\/index.php\/wp-json\/wp\/v2\/tags?post=9535"}],"curies":[{"name":"wp","href":"https:\/\/api.w.org\/{rel}","templated":true}]}}