{"id":9529,"date":"2022-07-16T04:51:20","date_gmt":"2022-07-16T04:51:20","guid":{"rendered":"https:\/\/neutrale.al\/?p=9529"},"modified":"2022-07-16T04:51:20","modified_gmt":"2022-07-16T04:51:20","slug":"kryeministri-rama-qender-moderne-e-formimit-te-kursanteve-per-shofer","status":"publish","type":"post","link":"https:\/\/neutrale.al\/index.php\/2022\/07\/16\/kryeministri-rama-qender-moderne-e-formimit-te-kursanteve-per-shofer\/","title":{"rendered":"Kryeministri Rama: Qend\u00ebr moderne e formimit t\u00eb kursant\u00ebve p\u00ebr shofer"},"content":{"rendered":"<p>Prez\u00eb, pran\u00eb DPSHTRR, do t\u00eb marr\u00eb form\u00eb brenda 6 deri 8 muajsh, poligoni i par\u00eb publik i testimit t\u00eb manovrave t\u00eb parkimit, por edhe qendra moderne e formimit p\u00ebr kursant\u00eb e p\u00ebr subjekte t\u00eb interesuara&#8230;. <\/p>\n<p>K\u00ebshtu shkruan n\u00eb rrjetet sociale kryeministri Edi Rama, duke ju referuar punimeve q\u00eb po kryhen n\u00eb qendr\u00ebn e Drejtoris\u00eb s\u00eb Transporteve dhe Patentave. <\/p>\n<p>Ja postimi: <\/p>\n<p>Prez\u00eb, pran\u00eb DPSHTRR, do t\u00eb marr\u00eb form\u00eb brenda 6 deri 8 muajsh, poligoni i par\u00eb publik i testimit t\u00eb manovrave t\u00eb parkimit, por edhe qendra moderne e formimit p\u00ebr kursant\u00eb e p\u00ebr subjekte t\u00eb interesuara p\u00ebr simulime reale apo virtuale. <\/p>\n<p>Ky Poligon Zyrtar Qendror sipas standardeve t\u00eb BE, do t\u00eb sh\u00ebrbej\u00eb p\u00ebr disa qarqe e bashki t\u00eb Shqip\u00ebris\u00eb s\u00eb Mesme, p\u00ebr t\u00eb rritur cil\u00ebsin\u00eb e testimit praktik dhe transparenc\u00ebn n\u00eb marrjen e Lejes s\u00eb Drejtimit\u270d\ufe0f <\/p>\n<p>Kjo vep\u00ebr e re me nj\u00eb sip\u00ebrfaqe rreth 6000 m2 do t\u00eb sh\u00ebrbej\u00eb edhe p\u00ebr Programe Edukative t\u00eb Siguris\u00eb Rrugore, or\u00eb K\u00ebndi Trafiku dhe Aktivitete M\u00ebsimore shtes\u00eb.<\/p>\n<p><img loading=\"lazy\" loading=\"lazy\" decoding=\"async\" src=\"https:\/\/neutrale.al\/wp-content\/uploads\/2022\/07\/8E4AACF4-5561-47D0-ADA2-3DD2B5A382BC-300x205.jpeg\" alt=\"\" width=\"300\" height=\"205\" class=\"alignnone size-medium wp-image-9531\" srcset=\"https:\/\/neutrale.al\/wp-content\/uploads\/2022\/07\/8E4AACF4-5561-47D0-ADA2-3DD2B5A382BC-300x205.jpeg 300w, https:\/\/neutrale.al\/wp-content\/uploads\/2022\/07\/8E4AACF4-5561-47D0-ADA2-3DD2B5A382BC-1024x701.jpeg 1024w, https:\/\/neutrale.al\/wp-content\/uploads\/2022\/07\/8E4AACF4-5561-47D0-ADA2-3DD2B5A382BC-768x526.jpeg 768w, https:\/\/neutrale.al\/wp-content\/uploads\/2022\/07\/8E4AACF4-5561-47D0-ADA2-3DD2B5A382BC-860x588.jpeg 860w, https:\/\/neutrale.al\/wp-content\/uploads\/2022\/07\/8E4AACF4-5561-47D0-ADA2-3DD2B5A382BC.jpeg 1080w\" sizes=\"auto, (max-width: 300px) 100vw, 300px\" \/><\/p>\n<p><img loading=\"lazy\" loading=\"lazy\" decoding=\"async\" src=\"https:\/\/neutrale.al\/wp-content\/uploads\/2022\/07\/60A29D9D-34AF-48C5-A573-5C6696649ADF-300x169.jpeg\" alt=\"\" width=\"300\" height=\"169\" class=\"alignnone size-medium wp-image-9532\" srcset=\"https:\/\/neutrale.al\/wp-content\/uploads\/2022\/07\/60A29D9D-34AF-48C5-A573-5C6696649ADF-300x169.jpeg 300w, https:\/\/neutrale.al\/wp-content\/uploads\/2022\/07\/60A29D9D-34AF-48C5-A573-5C6696649ADF-1024x576.jpeg 1024w, https:\/\/neutrale.al\/wp-content\/uploads\/2022\/07\/60A29D9D-34AF-48C5-A573-5C6696649ADF-768x432.jpeg 768w, https:\/\/neutrale.al\/wp-content\/uploads\/2022\/07\/60A29D9D-34AF-48C5-A573-5C6696649ADF-860x484.jpeg 860w, https:\/\/neutrale.al\/wp-content\/uploads\/2022\/07\/60A29D9D-34AF-48C5-A573-5C6696649ADF.jpeg 1080w\" sizes=\"auto, (max-width: 300px) 100vw, 300px\" \/><\/p>\n","protected":false},"excerpt":{"rendered":"<p>Prez\u00eb, pran\u00eb DPSHTRR, do t\u00eb marr\u00eb form\u00eb brenda 6 deri 8 muajsh, poligoni i par\u00eb publik i testimit t\u00eb manovrave t\u00eb parkimit, por edhe qendra moderne e formimit p\u00ebr kursant\u00eb e p\u00ebr subjekte t\u00eb interesuara&#8230;. K\u00ebshtu shkruan n\u00eb rrjetet sociale kryeministri Edi Rama, duke ju referuar punimeve q\u00eb po kryhen n\u00eb qendr\u00ebn e Drejtoris\u00eb s\u00eb [&hellip;]<\/p>\n","protected":false},"author":2,"featured_media":9530,"comment_status":"open","ping_status":"open","sticky":false,"template":"","format":"standard","meta":{"footnotes":""},"categories":[118,9],"tags":[],"class_list":{"0":"post-9529","1":"post","2":"type-post","3":"status-publish","4":"format-standard","5":"has-post-thumbnail","7":"category-kryesore","8":"category-politika"},"_links":{"self":[{"href":"https:\/\/neutrale.al\/index.php\/wp-json\/wp\/v2\/posts\/9529","targetHints":{"allow":["GET"]}}],"collection":[{"href":"https:\/\/neutrale.al\/index.php\/wp-json\/wp\/v2\/posts"}],"about":[{"href":"https:\/\/neutrale.al\/index.php\/wp-json\/wp\/v2\/types\/post"}],"author":[{"embeddable":true,"href":"https:\/\/neutrale.al\/index.php\/wp-json\/wp\/v2\/users\/2"}],"replies":[{"embeddable":true,"href":"https:\/\/neutrale.al\/index.php\/wp-json\/wp\/v2\/comments?post=9529"}],"version-history":[{"count":1,"href":"https:\/\/neutrale.al\/index.php\/wp-json\/wp\/v2\/posts\/9529\/revisions"}],"predecessor-version":[{"id":9533,"href":"https:\/\/neutrale.al\/index.php\/wp-json\/wp\/v2\/posts\/9529\/revisions\/9533"}],"wp:featuredmedia":[{"embeddable":true,"href":"https:\/\/neutrale.al\/index.php\/wp-json\/wp\/v2\/media\/9530"}],"wp:attachment":[{"href":"https:\/\/neutrale.al\/index.php\/wp-json\/wp\/v2\/media?parent=9529"}],"wp:term":[{"taxonomy":"category","embeddable":true,"href":"https:\/\/neutrale.al\/index.php\/wp-json\/wp\/v2\/categories?post=9529"},{"taxonomy":"post_tag","embeddable":true,"href":"https:\/\/neutrale.al\/index.php\/wp-json\/wp\/v2\/tags?post=9529"}],"curies":[{"name":"wp","href":"https:\/\/api.w.org\/{rel}","templated":true}]}}