{"id":9445,"date":"2022-07-15T11:40:40","date_gmt":"2022-07-15T11:40:40","guid":{"rendered":"https:\/\/neutrale.al\/?p=9445"},"modified":"2022-07-15T11:40:40","modified_gmt":"2022-07-15T11:40:40","slug":"rama-mer-fjalen-pse-u-larguan-diplomatet-evropiane","status":"publish","type":"post","link":"https:\/\/neutrale.al\/index.php\/2022\/07\/15\/rama-mer-fjalen-pse-u-larguan-diplomatet-evropiane\/","title":{"rendered":"Rama mer fjal\u00ebn&#8230;Pse u larguan diplomat\u00ebt evropian\u00eb ?"},"content":{"rendered":"<p>Ka ndodhur sot&#8230;<br \/>\nAmbasadorja e Franc\u00ebs Elizabet Barsacq dhe ai i Gjermanis\u00eb, Peter Zingraf kan\u00eb qen\u00eb t\u00eb ulur n\u00eb rreshtin e par\u00eb t\u00eb t\u00eb ftuarve n\u00eb takimin e organizuar nga qeveria p\u00ebr amnistin\u00eb fiskale. Ata kan\u00eb d\u00ebgjuar t\u00eb flas\u00eb ministren e financave, delina Ibrahimi dhe zv.kryeministrin Arben Ahmetaj.<br \/>\nPor sapo fjala iu dha kryeministrit Rama, ambasadorja franceze i ka b\u00ebr\u00eb nj\u00eb shenj\u00eb atij gjerman. T\u00eb dy jan\u00eb \u00e7uar n\u00eb k\u00ebmb\u00eb dhe kan\u00eb braktisur takimin.<br \/>\nRefuzim ? Mospajtim ?<br \/>\nEnde nuk dihet, por largimi i tyre ishte demonstrativ.<\/p>\n","protected":false},"excerpt":{"rendered":"<p>Ka ndodhur sot&#8230; Ambasadorja e Franc\u00ebs Elizabet Barsacq dhe ai i Gjermanis\u00eb, Peter Zingraf kan\u00eb qen\u00eb t\u00eb ulur n\u00eb rreshtin e par\u00eb t\u00eb t\u00eb ftuarve n\u00eb takimin e organizuar nga qeveria p\u00ebr amnistin\u00eb fiskale. Ata kan\u00eb d\u00ebgjuar t\u00eb flas\u00eb ministren e financave, delina Ibrahimi dhe zv.kryeministrin Arben Ahmetaj. Por sapo fjala iu dha kryeministrit Rama, [&hellip;]<\/p>\n","protected":false},"author":2,"featured_media":9446,"comment_status":"open","ping_status":"open","sticky":false,"template":"","format":"standard","meta":{"footnotes":""},"categories":[118,9],"tags":[],"class_list":{"0":"post-9445","1":"post","2":"type-post","3":"status-publish","4":"format-standard","5":"has-post-thumbnail","7":"category-kryesore","8":"category-politika"},"_links":{"self":[{"href":"https:\/\/neutrale.al\/index.php\/wp-json\/wp\/v2\/posts\/9445","targetHints":{"allow":["GET"]}}],"collection":[{"href":"https:\/\/neutrale.al\/index.php\/wp-json\/wp\/v2\/posts"}],"about":[{"href":"https:\/\/neutrale.al\/index.php\/wp-json\/wp\/v2\/types\/post"}],"author":[{"embeddable":true,"href":"https:\/\/neutrale.al\/index.php\/wp-json\/wp\/v2\/users\/2"}],"replies":[{"embeddable":true,"href":"https:\/\/neutrale.al\/index.php\/wp-json\/wp\/v2\/comments?post=9445"}],"version-history":[{"count":1,"href":"https:\/\/neutrale.al\/index.php\/wp-json\/wp\/v2\/posts\/9445\/revisions"}],"predecessor-version":[{"id":9447,"href":"https:\/\/neutrale.al\/index.php\/wp-json\/wp\/v2\/posts\/9445\/revisions\/9447"}],"wp:featuredmedia":[{"embeddable":true,"href":"https:\/\/neutrale.al\/index.php\/wp-json\/wp\/v2\/media\/9446"}],"wp:attachment":[{"href":"https:\/\/neutrale.al\/index.php\/wp-json\/wp\/v2\/media?parent=9445"}],"wp:term":[{"taxonomy":"category","embeddable":true,"href":"https:\/\/neutrale.al\/index.php\/wp-json\/wp\/v2\/categories?post=9445"},{"taxonomy":"post_tag","embeddable":true,"href":"https:\/\/neutrale.al\/index.php\/wp-json\/wp\/v2\/tags?post=9445"}],"curies":[{"name":"wp","href":"https:\/\/api.w.org\/{rel}","templated":true}]}}