{"id":9439,"date":"2022-07-15T11:15:08","date_gmt":"2022-07-15T11:15:08","guid":{"rendered":"https:\/\/neutrale.al\/?p=9439"},"modified":"2022-07-15T11:15:08","modified_gmt":"2022-07-15T11:15:08","slug":"policia-sqaron-anri-kashiku-qe-shpetoi-vellane-dhe-shokun-roja-bregdetare-u-fut-ne-det-bashke-me-18-vjecarin","status":"publish","type":"post","link":"https:\/\/neutrale.al\/index.php\/2022\/07\/15\/policia-sqaron-anri-kashiku-qe-shpetoi-vellane-dhe-shokun-roja-bregdetare-u-fut-ne-det-bashke-me-18-vjecarin\/","title":{"rendered":"Policia sqaron\/Anri Kashiku, q\u00eb shp\u00ebtoi v\u00ebllan\u00eb dhe shokun. Roja bregdetare u fut n\u00eb det bashk\u00eb me 18 vje\u00e7arin&#8230;"},"content":{"rendered":"<p>Policia e Durr\u00ebsit ka dal\u00eb sot me nj\u00eb sqarim t\u00eb dyt\u00eb p\u00ebr ngjarjen e ndodhur dje n\u00eb Sektor Rinia, ku Kaspikut 18 vje\u00e7ar u fut mes dallg\u00ebve p\u00ebr t\u00eb shp\u00ebtuar t\u00eb v\u00ebllan\u00eb dhe shokun e tij q\u00eb po mbyteshin. <\/p>\n<p>Lidhur me reagimet e shumta, Policia thot\u00eb se n\u00eb plazh kishte roje bregdetare dhe ky i fundit kishte vendosur flamurin e kuq, mbasi kishte dallg\u00eb t\u00eb larta.<br \/>\n\u201cPavar\u00ebsisht k\u00ebsaj, f\u00ebmij\u00ebt jan\u00eb futur n\u00eb det, duke rrezikuar jet\u00ebt e tyre. Pas disa minutash, t\u00eb miturit i kan\u00eb k\u00ebrkuar ndihm\u00eb nj\u00eb shtetasi q\u00eb po lundronte me nj\u00eb vark\u00eb me pedale, af\u00ebr tyre.<br \/>\nAt\u00ebher\u00eb \u00ebsht\u00eb futur 18 vje\u00e7ari dhe roja bregdetare&#8230; <\/p>\n<p>Drejtoria Vendore e Policis\u00eb Durr\u00ebs \/ Sqarim <\/p>\n<p>N\u00eb lidhje me ngjarjen e ndodhur dit\u00ebn e djeshme, n\u00eb Sektorin Rinia, Durr\u00ebs, ku humbi jet\u00ebn shtetasi A. K., 18 vjec, i cili u fut n\u00eb det, p\u00ebr t\u00eb shp\u00ebtuar dy f\u00ebmij\u00eb t\u00eb mitur dhe v\u00ebllain e tij, sqarojm\u00eb se: <\/p>\n<p>N\u00eb vijim t\u00eb veprimeve hetimore t\u00eb kryera n\u00ebn drejtimin e Prokuroris\u00eb pran\u00eb Gjykat\u00ebs s\u00eb Rrethit Gjyq\u00ebsor Durr\u00ebs, p\u00ebr sqarimin e rrethanave t\u00eb k\u00ebsaj ngjarjeje, ka rezultuar se roja bregdetare, shtetasi I. Sh. e kishte vendosur sipas rregullores flamurin e kuq, shenj\u00ebn paralajm\u00ebruese p\u00ebr t\u00eb mos u futur n\u00eb det, pasi dallg\u00ebzimi ishte i lart\u00eb.\u00a0\u00a0 <\/p>\n<p>Pavar\u00ebsisht k\u00ebsaj, f\u00ebmij\u00ebt jan\u00eb futur n\u00eb det, duke rrezikuar jet\u00ebt e tyre. Pas disa minutash, t\u00eb miturit i kan\u00eb k\u00ebrkuar ndihm\u00eb nj\u00eb shtetasi q\u00eb po lundronte me<br \/>\nnj\u00eb vark\u00eb me pedale, af\u00ebr tyre. P\u00ebr t\u00eb ndihmuar f\u00ebmij\u00ebt, n\u00eb det jan\u00eb futur edhe roja bregdetare dhe shtetasi A. K., v\u00ebllai i nj\u00ebrit prej t\u00eb miturve. <\/p>\n<p>Pas ndihm\u00ebs s\u00eb dh\u00ebn\u00eb, f\u00ebmij\u00ebt jan\u00eb nxjerr\u00eb n\u00eb breg, nderkohe qe 18-vje\u00e7ari A. K. nuk ka mundur t\u00eb dal\u00eb dot pasi \u00ebsht\u00eb mbytur p\u00ebr shkak t\u00eb dallg\u00ebve t\u00eb larta.<br \/>\nNga ana e punonj\u00ebsve t\u00eb Policis\u00eb t\u00eb DVP Durr\u00ebs dhe DVKM Durr\u00ebs \u00ebsht\u00eb nd\u00ebrhyr\u00eb menj\u00ebher\u00eb dhe pas rreth 50 minutash \u00ebsht\u00eb gjetur dhe nxjerr\u00eb nga uji, trupi i pajet\u00eb i shtetasit A. K. N\u00eb drejtimin e Prokuroris\u00eb pran\u00eb Gjykat\u00ebs s\u00eb Rrethit Gjyq\u00ebsor Durr\u00ebs vijon puna p\u00ebr dokumentimin e plot\u00eb t\u00eb rrethanave t\u00eb k\u00ebsaj ngjarjeje.<\/p>\n","protected":false},"excerpt":{"rendered":"<p>Policia e Durr\u00ebsit ka dal\u00eb sot me nj\u00eb sqarim t\u00eb dyt\u00eb p\u00ebr ngjarjen e ndodhur dje n\u00eb Sektor Rinia, ku Kaspikut 18 vje\u00e7ar u fut mes dallg\u00ebve p\u00ebr t\u00eb shp\u00ebtuar t\u00eb v\u00ebllan\u00eb dhe shokun e tij q\u00eb po mbyteshin. Lidhur me reagimet e shumta, Policia thot\u00eb se n\u00eb plazh kishte roje bregdetare dhe ky i [&hellip;]<\/p>\n","protected":false},"author":2,"featured_media":9440,"comment_status":"open","ping_status":"open","sticky":false,"template":"","format":"standard","meta":{"footnotes":""},"categories":[117,118],"tags":[],"class_list":{"0":"post-9439","1":"post","2":"type-post","3":"status-publish","4":"format-standard","5":"has-post-thumbnail","7":"category-aktualitet","8":"category-kryesore"},"_links":{"self":[{"href":"https:\/\/neutrale.al\/index.php\/wp-json\/wp\/v2\/posts\/9439","targetHints":{"allow":["GET"]}}],"collection":[{"href":"https:\/\/neutrale.al\/index.php\/wp-json\/wp\/v2\/posts"}],"about":[{"href":"https:\/\/neutrale.al\/index.php\/wp-json\/wp\/v2\/types\/post"}],"author":[{"embeddable":true,"href":"https:\/\/neutrale.al\/index.php\/wp-json\/wp\/v2\/users\/2"}],"replies":[{"embeddable":true,"href":"https:\/\/neutrale.al\/index.php\/wp-json\/wp\/v2\/comments?post=9439"}],"version-history":[{"count":1,"href":"https:\/\/neutrale.al\/index.php\/wp-json\/wp\/v2\/posts\/9439\/revisions"}],"predecessor-version":[{"id":9441,"href":"https:\/\/neutrale.al\/index.php\/wp-json\/wp\/v2\/posts\/9439\/revisions\/9441"}],"wp:featuredmedia":[{"embeddable":true,"href":"https:\/\/neutrale.al\/index.php\/wp-json\/wp\/v2\/media\/9440"}],"wp:attachment":[{"href":"https:\/\/neutrale.al\/index.php\/wp-json\/wp\/v2\/media?parent=9439"}],"wp:term":[{"taxonomy":"category","embeddable":true,"href":"https:\/\/neutrale.al\/index.php\/wp-json\/wp\/v2\/categories?post=9439"},{"taxonomy":"post_tag","embeddable":true,"href":"https:\/\/neutrale.al\/index.php\/wp-json\/wp\/v2\/tags?post=9439"}],"curies":[{"name":"wp","href":"https:\/\/api.w.org\/{rel}","templated":true}]}}