{"id":9285,"date":"2022-07-14T13:09:40","date_gmt":"2022-07-14T13:09:40","guid":{"rendered":"https:\/\/neutrale.al\/?p=9285"},"modified":"2022-07-14T13:09:40","modified_gmt":"2022-07-14T13:09:40","slug":"ministrja-spiropali-e-kaloi-rrezikun-ne-replike-e-siper-me-berishen-deputetja-socialiste-2","status":"publish","type":"post","link":"https:\/\/neutrale.al\/index.php\/2022\/07\/14\/ministrja-spiropali-e-kaloi-rrezikun-ne-replike-e-siper-me-berishen-deputetja-socialiste-2\/","title":{"rendered":"Ministrja Spiropali e kaloi &#8220;rrezikun&#8221; N\u00eb replik\u00eb e sip\u00ebr me Berish\u00ebn, deputetja socialiste&#8230;"},"content":{"rendered":"<p>Ministrja Elisa Spiropali teksa replikave me ish kryeministrin Berisha, mesa duket, p\u00ebr nj\u00eb \u00e7ast ka patur nj\u00eb kap\u00ebrcim t\u00eb keq t\u00eb p\u00ebshtym\u00ebs dhe kjo ka krijuar at\u00eb \u00e7far\u00eb t\u00eb gjith\u00eb e p\u00ebrcaktojm\u00eb si &#8220;rrezik t\u00eb mbytjes&#8221;.<br \/>\nSigurisht, q\u00eb ishte nj\u00eb \u00e7ast q\u00eb kaloi me t\u00eb qeshura e batuta.<br \/>\nMidis t\u00eb tjerash Spiropali u shpreh: <\/p>\n<p>\u201cJu e mund\u00ebt Lulin, q\u00eb u vet\u00eb mund edhe mendoni q\u00eb me at\u00eb protest\u00ebn me kuadrate n\u00eb Bulevard keni mundur edhe Enkelejdin q\u00eb s\u2019diti kurr\u00eb ku ishte, e as ku do shkoj\u00eb por do g\u00ebzoheni shum\u00eb edhe me Met\u00ebn, ta g\u00ebzoni edhe Ilirin dhe u b\u00ebfshi bashk\u00eb me t\u00eb. se sa m\u00eb shum\u00eb t\u00eb b\u00ebheni aq m\u00eb pak vota do t\u00eb merrni. <\/p>\n<p>Un\u00eb nuk b\u00ebj shaka, kuturun\u00eb tuaj drejt askundit dhe psikamat tuaja nuk i d\u00ebgjon askush. Nuk jemi ne armiqt\u00eb tuaj, armiku i atij q\u00eb foli ka qen\u00eb gjithmon\u00eb drejt\u00ebsia\u2026Ju mund t\u00eb funksiononi vet\u00ebm me armiq. Ju keni qen\u00eb armiq t\u00eb Reform\u00ebs n\u00eb Drejt\u00ebsi q\u00eb n\u00eb gjenez\u00eb.\u201d, u shpreh Spiropali dhe ky ishte momenti q\u00eb ajo &#8220;u mbyt&#8221;.<\/p>\n","protected":false},"excerpt":{"rendered":"<p>Ministrja Elisa Spiropali teksa replikave me ish kryeministrin Berisha, mesa duket, p\u00ebr nj\u00eb \u00e7ast ka patur nj\u00eb kap\u00ebrcim t\u00eb keq t\u00eb p\u00ebshtym\u00ebs dhe kjo ka krijuar at\u00eb \u00e7far\u00eb t\u00eb gjith\u00eb e p\u00ebrcaktojm\u00eb si &#8220;rrezik t\u00eb mbytjes&#8221;. Sigurisht, q\u00eb ishte nj\u00eb \u00e7ast q\u00eb kaloi me t\u00eb qeshura e batuta. Midis t\u00eb tjerash Spiropali u shpreh: \u201cJu [&hellip;]<\/p>\n","protected":false},"author":2,"featured_media":9286,"comment_status":"open","ping_status":"open","sticky":false,"template":"","format":"standard","meta":{"footnotes":""},"categories":[9],"tags":[27],"class_list":{"0":"post-9285","1":"post","2":"type-post","3":"status-publish","4":"format-standard","5":"has-post-thumbnail","7":"category-politika","8":"tag-lajme"},"_links":{"self":[{"href":"https:\/\/neutrale.al\/index.php\/wp-json\/wp\/v2\/posts\/9285","targetHints":{"allow":["GET"]}}],"collection":[{"href":"https:\/\/neutrale.al\/index.php\/wp-json\/wp\/v2\/posts"}],"about":[{"href":"https:\/\/neutrale.al\/index.php\/wp-json\/wp\/v2\/types\/post"}],"author":[{"embeddable":true,"href":"https:\/\/neutrale.al\/index.php\/wp-json\/wp\/v2\/users\/2"}],"replies":[{"embeddable":true,"href":"https:\/\/neutrale.al\/index.php\/wp-json\/wp\/v2\/comments?post=9285"}],"version-history":[{"count":1,"href":"https:\/\/neutrale.al\/index.php\/wp-json\/wp\/v2\/posts\/9285\/revisions"}],"predecessor-version":[{"id":9287,"href":"https:\/\/neutrale.al\/index.php\/wp-json\/wp\/v2\/posts\/9285\/revisions\/9287"}],"wp:featuredmedia":[{"embeddable":true,"href":"https:\/\/neutrale.al\/index.php\/wp-json\/wp\/v2\/media\/9286"}],"wp:attachment":[{"href":"https:\/\/neutrale.al\/index.php\/wp-json\/wp\/v2\/media?parent=9285"}],"wp:term":[{"taxonomy":"category","embeddable":true,"href":"https:\/\/neutrale.al\/index.php\/wp-json\/wp\/v2\/categories?post=9285"},{"taxonomy":"post_tag","embeddable":true,"href":"https:\/\/neutrale.al\/index.php\/wp-json\/wp\/v2\/tags?post=9285"}],"curies":[{"name":"wp","href":"https:\/\/api.w.org\/{rel}","templated":true}]}}