{"id":9145,"date":"2022-07-13T15:50:18","date_gmt":"2022-07-13T15:50:18","guid":{"rendered":"https:\/\/neutrale.al\/?p=9145"},"modified":"2022-07-13T15:50:18","modified_gmt":"2022-07-13T15:50:18","slug":"rexhep-shahu-keshilla-qe-me-dha-uran-kostreci-rekuiem-ne-1-vjetorin-e-ikjes","status":"publish","type":"post","link":"https:\/\/neutrale.al\/index.php\/2022\/07\/13\/rexhep-shahu-keshilla-qe-me-dha-uran-kostreci-rekuiem-ne-1-vjetorin-e-ikjes\/","title":{"rendered":"Rexhep Shahu\/K\u00ebshilla q\u00eb m\u00eb dha Uran Kostreci. (Rekuiem n\u00eb 1 vjetorin e ikjes)"},"content":{"rendered":"<p>Uran Kostrecin e kam takuar p\u00ebr her\u00eb t\u00eb par\u00eb te sht\u00ebpia e Vilson Blloshmit.<br \/>\nIshim nj\u00eb grup shkrimtar\u00ebsh, organizuar nga Klubi i Poezis\u00eb me mb\u00ebshtetjen e humanistit Flamur Hoxha, q\u00eb udh\u00ebtuam p\u00ebr n\u00eb B\u00ebrzhest\u00eb, t\u00eb nderonim Vilsonin e Genc Lek\u00ebn <\/p>\n<p>M\u00eb nderoi dhe e deshta, m\u00eb ngjiti ai fisnik me q\u00ebndrim, sjellje e fjal\u00eb. <\/p>\n<p>U takuam dy her\u00eb te k\u00ebndi i tij te kafe &#8220;Piaca&#8221;. <\/p>\n<p>M\u00eb rrefeu odisen\u00eb e tij,\u00a0 burgosjen e gjat\u00eb, angazhimin politik, kthimin nga Amerika e plot histori. Nj\u00eb dit\u00eb k\u00ebmbyem libra.<br \/>\nMos u ndal, nderoi shkrimtar\u00ebt martir\u00eb si\u00e7 po b\u00ebn\u00eb me shkrimtar\u00ebt e tjer\u00eb e mos d\u00ebgjo \u00e7far\u00eb thon\u00eb &#8220;pronar\u00ebt&#8221;&#8230; <\/p>\n<p>K\u00ebt\u00eb k\u00ebshill\u00eb m\u00eb dha, pasi kishte d\u00ebgjuar lart e posht\u00eb parulla enverist\u00ebsh antikomunist\u00eb.<br \/>\nUrani, si \u00e7do planet, ndodhet n\u00eb qiell tani&#8230;<\/p>\n","protected":false},"excerpt":{"rendered":"<p>Uran Kostrecin e kam takuar p\u00ebr her\u00eb t\u00eb par\u00eb te sht\u00ebpia e Vilson Blloshmit. Ishim nj\u00eb grup shkrimtar\u00ebsh, organizuar nga Klubi i Poezis\u00eb me mb\u00ebshtetjen e humanistit Flamur Hoxha, q\u00eb udh\u00ebtuam p\u00ebr n\u00eb B\u00ebrzhest\u00eb, t\u00eb nderonim Vilsonin e Genc Lek\u00ebn M\u00eb nderoi dhe e deshta, m\u00eb ngjiti ai fisnik me q\u00ebndrim, sjellje e fjal\u00eb. U [&hellip;]<\/p>\n","protected":false},"author":2,"featured_media":9146,"comment_status":"open","ping_status":"open","sticky":false,"template":"","format":"standard","meta":{"footnotes":""},"categories":[2],"tags":[],"class_list":{"0":"post-9145","1":"post","2":"type-post","3":"status-publish","4":"format-standard","5":"has-post-thumbnail","7":"category-opinione"},"_links":{"self":[{"href":"https:\/\/neutrale.al\/index.php\/wp-json\/wp\/v2\/posts\/9145","targetHints":{"allow":["GET"]}}],"collection":[{"href":"https:\/\/neutrale.al\/index.php\/wp-json\/wp\/v2\/posts"}],"about":[{"href":"https:\/\/neutrale.al\/index.php\/wp-json\/wp\/v2\/types\/post"}],"author":[{"embeddable":true,"href":"https:\/\/neutrale.al\/index.php\/wp-json\/wp\/v2\/users\/2"}],"replies":[{"embeddable":true,"href":"https:\/\/neutrale.al\/index.php\/wp-json\/wp\/v2\/comments?post=9145"}],"version-history":[{"count":1,"href":"https:\/\/neutrale.al\/index.php\/wp-json\/wp\/v2\/posts\/9145\/revisions"}],"predecessor-version":[{"id":9147,"href":"https:\/\/neutrale.al\/index.php\/wp-json\/wp\/v2\/posts\/9145\/revisions\/9147"}],"wp:featuredmedia":[{"embeddable":true,"href":"https:\/\/neutrale.al\/index.php\/wp-json\/wp\/v2\/media\/9146"}],"wp:attachment":[{"href":"https:\/\/neutrale.al\/index.php\/wp-json\/wp\/v2\/media?parent=9145"}],"wp:term":[{"taxonomy":"category","embeddable":true,"href":"https:\/\/neutrale.al\/index.php\/wp-json\/wp\/v2\/categories?post=9145"},{"taxonomy":"post_tag","embeddable":true,"href":"https:\/\/neutrale.al\/index.php\/wp-json\/wp\/v2\/tags?post=9145"}],"curies":[{"name":"wp","href":"https:\/\/api.w.org\/{rel}","templated":true}]}}