{"id":89033,"date":"2025-05-09T15:48:13","date_gmt":"2025-05-09T15:48:13","guid":{"rendered":"https:\/\/neutrale.al\/?p=89033"},"modified":"2025-05-09T15:48:13","modified_gmt":"2025-05-09T15:48:13","slug":"zgjedhjet-thirrja-e-kryetarit-te-partise-levizja-e-legalitetit-shpetim-axhami-per-shqiptaret","status":"publish","type":"post","link":"https:\/\/neutrale.al\/index.php\/2025\/05\/09\/zgjedhjet-thirrja-e-kryetarit-te-partise-levizja-e-legalitetit-shpetim-axhami-per-shqiptaret\/","title":{"rendered":"Zgjedhjet\/ Thirrja e Kryetarit t\u00eb Partis\u00eb L\u00ebvizja e Legalitetit, Shp\u00ebtim Axhami p\u00ebr shqiptar\u00ebt:"},"content":{"rendered":"<p>T\u00eb nderuar qytetar\u00eb,<br \/>\nZonja dhe zot\u00ebrinj, miq t\u00eb nderuar,<\/p>\n<p>Kam k\u00ebnaq\u00ebsin\u00eb dhe nderin e ve\u00e7ant\u00eb q\u00eb, n\u00eb em\u00ebr t\u00eb Partis\u00eb L\u00ebvizja e Legalitetit, t\u2019ju drejtohem n\u00eb k\u00ebt\u00eb prag t\u00eb heshtjes zgjedhore \u2013 gati p\u00ebr t\u00eb hapur s\u00eb bashku nj\u00eb kapitull t\u00eb ri: p\u00ebr f\u00ebmij\u00ebt tan\u00eb, p\u00ebr familjet tona, p\u00ebr nj\u00eb shoq\u00ebri m\u00eb t\u00eb drejt\u00eb dhe p\u00ebr Shqip\u00ebrin\u00eb q\u00eb duam.<\/p>\n<p>Gjat\u00eb k\u00ebsaj fushate kemi pasur mund\u00ebsin\u00eb t\u00eb takojm\u00eb mij\u00ebra prej jush. Kemi d\u00ebgjuar shqet\u00ebsimet tuaja, kemi par\u00eb nga af\u00ebr realitetin dhe kemi ndjer\u00eb revolt\u00ebn ndaj nj\u00eb qeverie q\u00eb mb\u00ebshtetet n\u00eb propagand\u00eb dhe \u00ebsht\u00eb krejt\u00ebsisht e shk\u00ebputur nga interesat qytetare.<\/p>\n<p>Pam\u00eb shkolla bosh e kulla t\u00eb zbrazura, t\u00eb moshuar t\u00eb vetmuar n\u00eb v\u00ebshtir\u00ebsi, punonj\u00ebs t\u00eb ndersh\u00ebm t\u00eb administrat\u00ebs q\u00eb heshtin nga frika, por q\u00eb shpresojn\u00eb p\u00ebr ndryshim.<\/p>\n<p>M\u00eb 11 maj, keni n\u00eb dor\u00eb t\u00eb b\u00ebni nj\u00eb zgjedhje historike:<br \/>\nMes propagand\u00ebs dhe programit ton\u00eb.<\/p>\n<p>Partia L\u00ebvizja e Legalitetit,<br \/>\n\u2013 Edhe pse e p\u00ebrgatitur dhe e gatshme p\u00ebr t\u00eb garuar e vetme n\u00eb k\u00ebto zgjedhje,<br \/>\n\u2013 Edhe pse e ftuar nga pothuajse t\u00eb gjitha subjektet politike p\u00ebr t\u2019u bashkuar me to, faleminderit p\u00ebr vler\u00ebsimin,<br \/>\n\u2013 Duke pasur parasysh potencialin ton\u00eb dhe \u00e7ka p\u00ebrfaq\u00ebsojm\u00eb n\u00eb politik\u00ebn shqiptare,<br \/>\n\u2013 Dhe p\u00ebrball\u00eb nj\u00eb kodi zgjedhor thell\u00ebsisht antidemokratik dhe antipluralist,<br \/>\nvendosi me bindje t\u00eb plot\u00eb t\u2019i bashkohet koalicionit \u201cAleanca p\u00ebr Shqip\u00ebrin\u00eb Madh\u00ebshtore (ASHM)\u201d, si mund\u00ebsia e vetme p\u00ebr t\u00eb larguar k\u00ebt\u00eb mazhoranc\u00eb t\u00eb d\u00ebshtuar.<\/p>\n<p>Ky koalicion \u00ebsht\u00eb forca e vetme reale q\u00eb mund ta ndal\u00eb k\u00ebt\u00eb keqqeverisje.<br \/>\n\u00c7do shp\u00ebrndarje vote tek subjekte t\u00eb tjera politike d\u00ebmton k\u00ebt\u00eb mision t\u00eb p\u00ebrbashk\u00ebt.<\/p>\n<p>Legalist\u00ebt e din\u00eb mir\u00eb rrug\u00ebn \u2013 si gjithmon\u00eb. Vota jon\u00eb shkon p\u00ebr sigl\u00ebn PLL, brenda numrit 1 t\u00eb koalicionit ASHM. Kjo \u00ebsht\u00eb p\u00ebrgjigjja jon\u00eb ndaj kujtdo q\u00eb mundohet t\u00eb p\u00ebrfitoj\u00eb n\u00eb m\u00ebnyr\u00eb t\u00eb padrejt\u00eb.<\/p>\n<p>M\u00eb 11 maj 2025, ju ftoj t\u00eb gjith\u00ebve:<br \/>\nT\u00eb dalim n\u00eb votime t\u00eb qet\u00eb, me vet\u00ebdije t\u00eb plot\u00eb, pa asnj\u00eb ekuivok.<\/p>\n<p>T\u00eb bashkohemi!<br \/>\nT\u00eb l\u00ebm\u00eb pas \u00e7do rezerv\u00eb, \u00e7do ndasi, \u00e7do inat mes nesh. T\u00eb jemi bashk\u00eb p\u00ebr nj\u00eb q\u00ebllim t\u00eb vet\u00ebm:<br \/>\nT\u00eb ndryshojm\u00eb Shqip\u00ebrin\u00eb!<\/p>\n<p>T\u00eb votojm\u00eb t\u00eb gjith\u00eb vet\u00ebm p\u00ebr Numrin 1 \u2013 Aleanc\u00ebn p\u00ebr Shqip\u00ebrin\u00eb Madh\u00ebshtore.<br \/>\nAsnj\u00eb subjekt tjet\u00ebr.<\/p>\n<p>N\u00eb \u00e7do qark t\u00eb mb\u00ebshtesim kandidat\u00ebt me integritet, me rr\u00ebnj\u00eb t\u00eb djathta, nga familje patriote e nacionaliste, ish-t\u00eb burgosur dhe t\u00eb internuar politik\u00eb \u2013 p\u00ebrfaq\u00ebsuesit e v\u00ebrtet\u00eb t\u00eb konservatorizmit shqiptar.<\/p>\n<p>Konkretisht, p\u00ebr qarqet ku Partia L\u00ebvizja e Legalitetit ka kandidat\u00eb t\u00eb votohen:<br \/>\n\u2022Tiran\u00eb:     z. Petrit Doda<br \/>\n\u2022Shkod\u00ebr: z. Ted Kopliku<br \/>\n\u2022Durr\u00ebs:    z. Aulon Kalaja<br \/>\n\u2022Dib\u00ebr:       znj. Alketa Agolli<br \/>\n\u2022Fier:          z. Ajet Gurguri<br \/>\n\u2022Dib\u00ebr:    z. Ismail Uku<\/p>\n<p>Zoti e bekoft\u00eb Shqip\u00ebrin\u00eb dhe shqiptar\u00ebt!<br \/>\nFitore!<\/p>\n<p><img loading=\"lazy\" loading=\"lazy\" decoding=\"async\" src=\"https:\/\/neutrale.al\/wp-content\/uploads\/2025\/05\/0a200227-584c-4885-92fd-5e3cfa5729d1-300x155.jpeg\" alt=\"\" width=\"300\" height=\"155\" class=\"alignnone size-medium wp-image-89034\" srcset=\"https:\/\/neutrale.al\/wp-content\/uploads\/2025\/05\/0a200227-584c-4885-92fd-5e3cfa5729d1-300x155.jpeg 300w, https:\/\/neutrale.al\/wp-content\/uploads\/2025\/05\/0a200227-584c-4885-92fd-5e3cfa5729d1-1024x529.jpeg 1024w, https:\/\/neutrale.al\/wp-content\/uploads\/2025\/05\/0a200227-584c-4885-92fd-5e3cfa5729d1-768x397.jpeg 768w, https:\/\/neutrale.al\/wp-content\/uploads\/2025\/05\/0a200227-584c-4885-92fd-5e3cfa5729d1-860x444.jpeg 860w, https:\/\/neutrale.al\/wp-content\/uploads\/2025\/05\/0a200227-584c-4885-92fd-5e3cfa5729d1.jpeg 1080w\" sizes=\"auto, (max-width: 300px) 100vw, 300px\" \/><\/p>\n","protected":false},"excerpt":{"rendered":"<p>T\u00eb nderuar qytetar\u00eb, Zonja dhe zot\u00ebrinj, miq t\u00eb nderuar, Kam k\u00ebnaq\u00ebsin\u00eb dhe nderin e ve\u00e7ant\u00eb q\u00eb, n\u00eb em\u00ebr t\u00eb Partis\u00eb L\u00ebvizja e Legalitetit, t\u2019ju drejtohem n\u00eb k\u00ebt\u00eb prag t\u00eb heshtjes zgjedhore \u2013 gati p\u00ebr t\u00eb hapur s\u00eb bashku nj\u00eb kapitull t\u00eb ri: p\u00ebr f\u00ebmij\u00ebt tan\u00eb, p\u00ebr familjet tona, p\u00ebr nj\u00eb shoq\u00ebri m\u00eb t\u00eb drejt\u00eb dhe [&hellip;]<\/p>\n","protected":false},"author":2,"featured_media":89035,"comment_status":"open","ping_status":"open","sticky":false,"template":"","format":"standard","meta":{"footnotes":""},"categories":[1],"tags":[],"class_list":{"0":"post-89033","1":"post","2":"type-post","3":"status-publish","4":"format-standard","5":"has-post-thumbnail","7":"category-te-tjera"},"_links":{"self":[{"href":"https:\/\/neutrale.al\/index.php\/wp-json\/wp\/v2\/posts\/89033","targetHints":{"allow":["GET"]}}],"collection":[{"href":"https:\/\/neutrale.al\/index.php\/wp-json\/wp\/v2\/posts"}],"about":[{"href":"https:\/\/neutrale.al\/index.php\/wp-json\/wp\/v2\/types\/post"}],"author":[{"embeddable":true,"href":"https:\/\/neutrale.al\/index.php\/wp-json\/wp\/v2\/users\/2"}],"replies":[{"embeddable":true,"href":"https:\/\/neutrale.al\/index.php\/wp-json\/wp\/v2\/comments?post=89033"}],"version-history":[{"count":1,"href":"https:\/\/neutrale.al\/index.php\/wp-json\/wp\/v2\/posts\/89033\/revisions"}],"predecessor-version":[{"id":89036,"href":"https:\/\/neutrale.al\/index.php\/wp-json\/wp\/v2\/posts\/89033\/revisions\/89036"}],"wp:featuredmedia":[{"embeddable":true,"href":"https:\/\/neutrale.al\/index.php\/wp-json\/wp\/v2\/media\/89035"}],"wp:attachment":[{"href":"https:\/\/neutrale.al\/index.php\/wp-json\/wp\/v2\/media?parent=89033"}],"wp:term":[{"taxonomy":"category","embeddable":true,"href":"https:\/\/neutrale.al\/index.php\/wp-json\/wp\/v2\/categories?post=89033"},{"taxonomy":"post_tag","embeddable":true,"href":"https:\/\/neutrale.al\/index.php\/wp-json\/wp\/v2\/tags?post=89033"}],"curies":[{"name":"wp","href":"https:\/\/api.w.org\/{rel}","templated":true}]}}