{"id":8898,"date":"2022-07-11T20:43:34","date_gmt":"2022-07-11T20:43:34","guid":{"rendered":"https:\/\/neutrale.al\/?p=8898"},"modified":"2022-07-11T20:43:34","modified_gmt":"2022-07-11T20:43:34","slug":"gazmend-bardhi-berisha-amnistoi-fatos-nanon","status":"publish","type":"post","link":"https:\/\/neutrale.al\/index.php\/2022\/07\/11\/gazmend-bardhi-berisha-amnistoi-fatos-nanon\/","title":{"rendered":"Gazmend Bardhi\/ Berisha amnistoi Fatos Nanon."},"content":{"rendered":"<p>P\u00ebrplasjet brenda grupit parlamentar t\u00eb PD-s\u00eb nuk po fashitet.<br \/>\nKur armata e madhe e demokrat\u00ebve pret me shpres\u00eb se grupi parlamentar do unifikohet, koha po tregon se gjasat jan\u00eb t\u00eb pakta. <\/p>\n<p>Sot, n\u00eb nj\u00eb status n\u00eb &#8220;Facebook&#8221; ka reaguar Gazmend Bardhi, duke u shprehur se Berisha amnistoi ish kryeministrin Nano n\u00eb vitin 2005 dhe k\u00ebshtu vazhdoi cikli i s\u00eb keqes- shkruan Bardhi. <\/p>\n<p>Ja postimi i plot\u00eb i tij: <\/p>\n<p>Deklarata e Sali Berish\u00ebs se erdhi n\u00eb pushtet n\u00eb 2005 me premtimim \u201czero kompromis ndaj korrupsionit\u201d, por mori vendim politik p\u00ebr ti ikur premtimit dhe p\u00ebr t\u00eb amnistuar korrupsionin e qeveris\u00eb s\u00eb Fatos Nanos, mqs ai i dor\u00ebzoi pushtetin, \u00ebsht\u00eb thelbi i sistemit t\u00eb kalbur politik q\u00eb ka nd\u00ebrtuar trek\u00ebndshi i korrupsionit n\u00eb k\u00ebto 30 vite. <\/p>\n<p>Deklarata e sotme shpjegon at\u00eb t\u00eb para pak dit\u00ebve se n\u00eb 2013 Sali Berisha e dor\u00ebzoi vet\u00eb pushtetin, duke ndjekur k\u00ebshtu Sali Berisha modelin e Fatos Nonos dhe Edi Rama modelin e Sali Berish\u00ebs. Tani po luftojn\u00eb p\u00ebr \u201ckush e ka rradh\u00ebn\u201d, duke vazhduar amnistin\u00eb dhe duke marr\u00eb peng Shqip\u00ebrin\u00eb. <\/p>\n<p>Korrupsioni dhe amnistia ndaj tij ka marr\u00eb peng Shqip\u00ebrin\u00eb n\u00eb k\u00ebto 30 vite. Pa nd\u00ebshkuar korrupsionin 30 vje\u00e7ar\u00eb nuk ka kurr\u00eb t\u00eb ardhme p\u00ebr Shqip\u00ebrin\u00eb. \u00cbndrra e demokrat\u00ebve dhe shqiptar\u00ebve p\u00ebr \u201cShqip\u00ebrin\u00eb si gjith\u00eb Europa\u201d b\u00ebhet realitet vet\u00ebm duke i dh\u00ebn\u00eb fund pand\u00ebshkueshm\u00ebris\u00eb dhe korrupsionit. Ndyshe jemi n\u00eb vendnum\u00ebro dhe ndryshojn\u00eb vet\u00ebm emrat e t\u00eb korruptuarve!<\/p>\n","protected":false},"excerpt":{"rendered":"<p>P\u00ebrplasjet brenda grupit parlamentar t\u00eb PD-s\u00eb nuk po fashitet. Kur armata e madhe e demokrat\u00ebve pret me shpres\u00eb se grupi parlamentar do unifikohet, koha po tregon se gjasat jan\u00eb t\u00eb pakta. Sot, n\u00eb nj\u00eb status n\u00eb &#8220;Facebook&#8221; ka reaguar Gazmend Bardhi, duke u shprehur se Berisha amnistoi ish kryeministrin Nano n\u00eb vitin 2005 dhe k\u00ebshtu [&hellip;]<\/p>\n","protected":false},"author":2,"featured_media":8899,"comment_status":"open","ping_status":"open","sticky":false,"template":"","format":"standard","meta":{"footnotes":""},"categories":[118,9],"tags":[27],"class_list":{"0":"post-8898","1":"post","2":"type-post","3":"status-publish","4":"format-standard","5":"has-post-thumbnail","7":"category-kryesore","8":"category-politika","9":"tag-lajme"},"_links":{"self":[{"href":"https:\/\/neutrale.al\/index.php\/wp-json\/wp\/v2\/posts\/8898","targetHints":{"allow":["GET"]}}],"collection":[{"href":"https:\/\/neutrale.al\/index.php\/wp-json\/wp\/v2\/posts"}],"about":[{"href":"https:\/\/neutrale.al\/index.php\/wp-json\/wp\/v2\/types\/post"}],"author":[{"embeddable":true,"href":"https:\/\/neutrale.al\/index.php\/wp-json\/wp\/v2\/users\/2"}],"replies":[{"embeddable":true,"href":"https:\/\/neutrale.al\/index.php\/wp-json\/wp\/v2\/comments?post=8898"}],"version-history":[{"count":1,"href":"https:\/\/neutrale.al\/index.php\/wp-json\/wp\/v2\/posts\/8898\/revisions"}],"predecessor-version":[{"id":8900,"href":"https:\/\/neutrale.al\/index.php\/wp-json\/wp\/v2\/posts\/8898\/revisions\/8900"}],"wp:featuredmedia":[{"embeddable":true,"href":"https:\/\/neutrale.al\/index.php\/wp-json\/wp\/v2\/media\/8899"}],"wp:attachment":[{"href":"https:\/\/neutrale.al\/index.php\/wp-json\/wp\/v2\/media?parent=8898"}],"wp:term":[{"taxonomy":"category","embeddable":true,"href":"https:\/\/neutrale.al\/index.php\/wp-json\/wp\/v2\/categories?post=8898"},{"taxonomy":"post_tag","embeddable":true,"href":"https:\/\/neutrale.al\/index.php\/wp-json\/wp\/v2\/tags?post=8898"}],"curies":[{"name":"wp","href":"https:\/\/api.w.org\/{rel}","templated":true}]}}