{"id":8892,"date":"2022-07-11T19:46:40","date_gmt":"2022-07-11T19:46:40","guid":{"rendered":"https:\/\/neutrale.al\/?p=8892"},"modified":"2022-07-11T19:46:40","modified_gmt":"2022-07-11T19:46:40","slug":"kryeministrja-franceze-i-mbijeton-mocionit-te-mosbesimit","status":"publish","type":"post","link":"https:\/\/neutrale.al\/index.php\/2022\/07\/11\/kryeministrja-franceze-i-mbijeton-mocionit-te-mosbesimit\/","title":{"rendered":"Kryeministrja franceze i mbijeton mocionit t\u00eb mosbesimit."},"content":{"rendered":"<p>Kryeministrja e Franc\u00ebs, Elisabeth Borne, i mbijetoi mocionit t\u00eb mosbesimit n\u00eb Parlament, mocion i k\u00ebrkuar nga opozita e krahut t\u00eb majt\u00eb dhe testuar sot, shkruan timesnownews.com <\/p>\n<p>Mocioni \u2013 p\u00ebr t\u00eb cilin k\u00ebrkoheshin 289 vota p\u00ebr t\u00eb kaluar,u mb\u00ebshtet nga 146 deputet\u00eb n\u00eb Parlamentin Komb\u00ebtar. Votimi pasoi nj\u00eb debat prej tre or\u00ebsh. <\/p>\n<p>Partia Franca e pap\u00ebrkulur (LFI) e ngriti mocionin kund\u00ebr Borne, e cila udh\u00ebheq Qeverin\u00eb e pakic\u00ebs. Por, kryeministrja nuk ishte n\u00eb rrezik pasi partit\u00eb e tjera opozitare deklaruan para votimit se nuk do ta mb\u00ebshtesnin mocionin. <\/p>\n<p>Gjat\u00eb debatit, kryeministrja franceze akuzoi partin\u00eb LFI se po humb koh\u00ebn parlamentare p\u00ebr tema m\u00eb t\u00eb r\u00ebnd\u00ebsishme <\/p>\n<p>\u201cZonja dhe zot\u00ebrinj, sot ne do t\u00eb mund t\u00eb punonim p\u00ebr t\u00eb mir\u00eb e popullit francez. Por, n\u00eb vend t\u00eb k\u00ebsaj ne po debatojm\u00eb p\u00ebr mocionin e mosbesimit, q\u00eb bazohet n\u00eb synimet e mia t\u00eb pretenduara dhe q\u00eb po pengon pun\u00ebn e Parlamentit, nj\u00ebher\u00ebsh edhe d\u00ebshir\u00ebn e popullit franceze\u201d, tha Borne para votimit. <\/p>\n<p>Borne, 61 vje\u00e7e, e ka b\u00ebr\u00eb t\u00eb qart\u00eb se planifikon q\u00eb t\u00eb varet nga votat e partive opozitare p\u00ebr t\u00eb kaluar ligjet q\u00eb do t\u00eb sjell\u00eb n\u00eb Parlament, teksa partia Republikane e krahut t\u00eb djatht\u00eb po shihet si subjekti ky\u00e7 p\u00ebr t\u00eb ardhmen e saj. <\/p>\n<p>Mb\u00ebshtetja e 62 deputet\u00ebve t\u00eb Republikan\u00ebve do t\u00eb ishte e mjaftueshme q\u00eb Qeveria t\u00eb mund t\u00eb kalonte t\u00eb gjitha ligjet n\u00eb Parlamentin francez.<\/p>\n","protected":false},"excerpt":{"rendered":"<p>Kryeministrja e Franc\u00ebs, Elisabeth Borne, i mbijetoi mocionit t\u00eb mosbesimit n\u00eb Parlament, mocion i k\u00ebrkuar nga opozita e krahut t\u00eb majt\u00eb dhe testuar sot, shkruan timesnownews.com Mocioni \u2013 p\u00ebr t\u00eb cilin k\u00ebrkoheshin 289 vota p\u00ebr t\u00eb kaluar,u mb\u00ebshtet nga 146 deputet\u00eb n\u00eb Parlamentin Komb\u00ebtar. Votimi pasoi nj\u00eb debat prej tre or\u00ebsh. Partia Franca e pap\u00ebrkulur [&hellip;]<\/p>\n","protected":false},"author":2,"featured_media":8893,"comment_status":"open","ping_status":"open","sticky":false,"template":"","format":"standard","meta":{"footnotes":""},"categories":[12],"tags":[27],"class_list":{"0":"post-8892","1":"post","2":"type-post","3":"status-publish","4":"format-standard","5":"has-post-thumbnail","7":"category-bota","8":"tag-lajme"},"_links":{"self":[{"href":"https:\/\/neutrale.al\/index.php\/wp-json\/wp\/v2\/posts\/8892","targetHints":{"allow":["GET"]}}],"collection":[{"href":"https:\/\/neutrale.al\/index.php\/wp-json\/wp\/v2\/posts"}],"about":[{"href":"https:\/\/neutrale.al\/index.php\/wp-json\/wp\/v2\/types\/post"}],"author":[{"embeddable":true,"href":"https:\/\/neutrale.al\/index.php\/wp-json\/wp\/v2\/users\/2"}],"replies":[{"embeddable":true,"href":"https:\/\/neutrale.al\/index.php\/wp-json\/wp\/v2\/comments?post=8892"}],"version-history":[{"count":1,"href":"https:\/\/neutrale.al\/index.php\/wp-json\/wp\/v2\/posts\/8892\/revisions"}],"predecessor-version":[{"id":8894,"href":"https:\/\/neutrale.al\/index.php\/wp-json\/wp\/v2\/posts\/8892\/revisions\/8894"}],"wp:featuredmedia":[{"embeddable":true,"href":"https:\/\/neutrale.al\/index.php\/wp-json\/wp\/v2\/media\/8893"}],"wp:attachment":[{"href":"https:\/\/neutrale.al\/index.php\/wp-json\/wp\/v2\/media?parent=8892"}],"wp:term":[{"taxonomy":"category","embeddable":true,"href":"https:\/\/neutrale.al\/index.php\/wp-json\/wp\/v2\/categories?post=8892"},{"taxonomy":"post_tag","embeddable":true,"href":"https:\/\/neutrale.al\/index.php\/wp-json\/wp\/v2\/tags?post=8892"}],"curies":[{"name":"wp","href":"https:\/\/api.w.org\/{rel}","templated":true}]}}