{"id":8844,"date":"2022-07-11T13:47:32","date_gmt":"2022-07-11T13:47:32","guid":{"rendered":"https:\/\/neutrale.al\/?p=8844"},"modified":"2022-07-11T13:47:32","modified_gmt":"2022-07-11T13:47:32","slug":"kryeministri-rama-spitali-infektiv-brenda-veres-me-standarde-bashkekohore","status":"publish","type":"post","link":"https:\/\/neutrale.al\/index.php\/2022\/07\/11\/kryeministri-rama-spitali-infektiv-brenda-veres-me-standarde-bashkekohore\/","title":{"rendered":"Kryeministri Rama\/ Spitali Infektiv, brenda ver\u00ebs me standarde bashk\u00ebkohore."},"content":{"rendered":"<p>K\u00ebshtu shkruan Kryeministri Edi Rama, n\u00eb nj\u00eb status t\u00eb shkurt\u00ebr n\u00eb &#8220;Facebook &#8221; t\u00eb tij. <\/p>\n<p>N\u00eb postimin e sot\u00ebm, Rama p\u00ebrcjell lajmin dhe sh\u00ebnimin se \u00ebsht\u00eb ministrja e Sh\u00ebndet\u00ebsis\u00eb Ogerta Manastirliu, q\u00eb po inspekton punimet. <\/p>\n<p>Ja sh\u00ebnimi i tij : <\/p>\n<p>&#8220;N\u00eb Spitalin Infektiv n\u00eb<br \/>\nQSUT, ku po punohet me rit\u00ebm t\u00eb lart\u00eb<br \/>\np\u00ebr t\u00eb p\u00ebrfunduar brenda ver\u00ebs rind\u00ebrtimin, zgjerimin dhe pajisjen e tij me standardet m\u00eb t\u00eb mira bashk\u00ebkohore, p\u00ebr t&#8217;ju p\u00ebrgjigjur emergjencave mjek\u00ebsore. <\/p>\n<p>Ministrja Ogerta Manastirliu inspekton punimet&#8221;<\/p>\n","protected":false},"excerpt":{"rendered":"<p>K\u00ebshtu shkruan Kryeministri Edi Rama, n\u00eb nj\u00eb status t\u00eb shkurt\u00ebr n\u00eb &#8220;Facebook &#8221; t\u00eb tij. N\u00eb postimin e sot\u00ebm, Rama p\u00ebrcjell lajmin dhe sh\u00ebnimin se \u00ebsht\u00eb ministrja e Sh\u00ebndet\u00ebsis\u00eb Ogerta Manastirliu, q\u00eb po inspekton punimet. Ja sh\u00ebnimi i tij : &#8220;N\u00eb Spitalin Infektiv n\u00eb QSUT, ku po punohet me rit\u00ebm t\u00eb lart\u00eb p\u00ebr t\u00eb p\u00ebrfunduar [&hellip;]<\/p>\n","protected":false},"author":2,"featured_media":8845,"comment_status":"open","ping_status":"open","sticky":false,"template":"","format":"standard","meta":{"footnotes":""},"categories":[118,9],"tags":[27],"class_list":{"0":"post-8844","1":"post","2":"type-post","3":"status-publish","4":"format-standard","5":"has-post-thumbnail","7":"category-kryesore","8":"category-politika","9":"tag-lajme"},"_links":{"self":[{"href":"https:\/\/neutrale.al\/index.php\/wp-json\/wp\/v2\/posts\/8844","targetHints":{"allow":["GET"]}}],"collection":[{"href":"https:\/\/neutrale.al\/index.php\/wp-json\/wp\/v2\/posts"}],"about":[{"href":"https:\/\/neutrale.al\/index.php\/wp-json\/wp\/v2\/types\/post"}],"author":[{"embeddable":true,"href":"https:\/\/neutrale.al\/index.php\/wp-json\/wp\/v2\/users\/2"}],"replies":[{"embeddable":true,"href":"https:\/\/neutrale.al\/index.php\/wp-json\/wp\/v2\/comments?post=8844"}],"version-history":[{"count":1,"href":"https:\/\/neutrale.al\/index.php\/wp-json\/wp\/v2\/posts\/8844\/revisions"}],"predecessor-version":[{"id":8846,"href":"https:\/\/neutrale.al\/index.php\/wp-json\/wp\/v2\/posts\/8844\/revisions\/8846"}],"wp:featuredmedia":[{"embeddable":true,"href":"https:\/\/neutrale.al\/index.php\/wp-json\/wp\/v2\/media\/8845"}],"wp:attachment":[{"href":"https:\/\/neutrale.al\/index.php\/wp-json\/wp\/v2\/media?parent=8844"}],"wp:term":[{"taxonomy":"category","embeddable":true,"href":"https:\/\/neutrale.al\/index.php\/wp-json\/wp\/v2\/categories?post=8844"},{"taxonomy":"post_tag","embeddable":true,"href":"https:\/\/neutrale.al\/index.php\/wp-json\/wp\/v2\/tags?post=8844"}],"curies":[{"name":"wp","href":"https:\/\/api.w.org\/{rel}","templated":true}]}}