{"id":87703,"date":"2025-03-16T21:39:07","date_gmt":"2025-03-16T21:39:07","guid":{"rendered":"https:\/\/neutrale.al\/?p=87703"},"modified":"2025-03-16T21:39:07","modified_gmt":"2025-03-16T21:39:07","slug":"elbasan-digjet-godina-historike-e-ish-shkolles-kostandin-kristoforidhi","status":"publish","type":"post","link":"https:\/\/neutrale.al\/index.php\/2025\/03\/16\/elbasan-digjet-godina-historike-e-ish-shkolles-kostandin-kristoforidhi\/","title":{"rendered":"Elbasan\/ Digjet godina historike e ish-shkoll\u00ebs \u201cKostandin Kristoforidhi\u201d"},"content":{"rendered":"<p>Ishte premtuar se do t\u00eb &#8220;rijet\u00ebzohet&#8221; zona historike e Kalas\u00eb s\u00eb Elbasanit, por \u00e7udit\u00ebrisht po zhduket e shkrumbohet \u00e7do nd\u00ebrtes\u00eb historike n\u00eb at\u00eb zon\u00eb.<\/p>\n<p>Dhe sonte \u00ebsht\u00eb gjendur n\u00eb flak\u00eb nj\u00eb nga godinat m\u00eb t\u00eb vjetra t\u00eb Elbasanit. Godina historike e ish-shkoll\u00ebs \u201cKostandin Kristoforidhi\u201d dhe ish-godina e shkoll\u00ebs private \u201cDakli\u201d.<br \/>\nKujtojm\u00eb se kjo godin\u00eb me histori t\u00eb madhe ndodhet n\u00eb zem\u00ebr t\u00eb Kalas\u00eb s\u00eb Elbasanit<\/p>\n<p><img loading=\"lazy\" loading=\"lazy\" decoding=\"async\" src=\"https:\/\/neutrale.al\/wp-content\/uploads\/2025\/03\/5c9b4904-3c16-43f4-b82f-13acef1da54e-300x170.jpeg\" alt=\"\" width=\"300\" height=\"170\" class=\"alignnone size-medium wp-image-87704\" srcset=\"https:\/\/neutrale.al\/wp-content\/uploads\/2025\/03\/5c9b4904-3c16-43f4-b82f-13acef1da54e-300x170.jpeg 300w, https:\/\/neutrale.al\/wp-content\/uploads\/2025\/03\/5c9b4904-3c16-43f4-b82f-13acef1da54e-1024x579.jpeg 1024w, https:\/\/neutrale.al\/wp-content\/uploads\/2025\/03\/5c9b4904-3c16-43f4-b82f-13acef1da54e-768x434.jpeg 768w, https:\/\/neutrale.al\/wp-content\/uploads\/2025\/03\/5c9b4904-3c16-43f4-b82f-13acef1da54e-860x487.jpeg 860w, https:\/\/neutrale.al\/wp-content\/uploads\/2025\/03\/5c9b4904-3c16-43f4-b82f-13acef1da54e.jpeg 1080w\" sizes=\"auto, (max-width: 300px) 100vw, 300px\" \/><\/p>\n<p><img loading=\"lazy\" loading=\"lazy\" decoding=\"async\" src=\"https:\/\/neutrale.al\/wp-content\/uploads\/2025\/03\/329a67fb-5f24-405c-871f-3dd783f4dd36-300x163.jpeg\" alt=\"\" width=\"300\" height=\"163\" class=\"alignnone size-medium wp-image-87705\" srcset=\"https:\/\/neutrale.al\/wp-content\/uploads\/2025\/03\/329a67fb-5f24-405c-871f-3dd783f4dd36-300x163.jpeg 300w, https:\/\/neutrale.al\/wp-content\/uploads\/2025\/03\/329a67fb-5f24-405c-871f-3dd783f4dd36-1024x557.jpeg 1024w, https:\/\/neutrale.al\/wp-content\/uploads\/2025\/03\/329a67fb-5f24-405c-871f-3dd783f4dd36-768x417.jpeg 768w, https:\/\/neutrale.al\/wp-content\/uploads\/2025\/03\/329a67fb-5f24-405c-871f-3dd783f4dd36-860x467.jpeg 860w, https:\/\/neutrale.al\/wp-content\/uploads\/2025\/03\/329a67fb-5f24-405c-871f-3dd783f4dd36.jpeg 1080w\" sizes=\"auto, (max-width: 300px) 100vw, 300px\" \/><\/p>\n","protected":false},"excerpt":{"rendered":"<p>Ishte premtuar se do t\u00eb &#8220;rijet\u00ebzohet&#8221; zona historike e Kalas\u00eb s\u00eb Elbasanit, por \u00e7udit\u00ebrisht po zhduket e shkrumbohet \u00e7do nd\u00ebrtes\u00eb historike n\u00eb at\u00eb zon\u00eb. Dhe sonte \u00ebsht\u00eb gjendur n\u00eb flak\u00eb nj\u00eb nga godinat m\u00eb t\u00eb vjetra t\u00eb Elbasanit. Godina historike e ish-shkoll\u00ebs \u201cKostandin Kristoforidhi\u201d dhe ish-godina e shkoll\u00ebs private \u201cDakli\u201d. Kujtojm\u00eb se kjo godin\u00eb me [&hellip;]<\/p>\n","protected":false},"author":2,"featured_media":87705,"comment_status":"open","ping_status":"open","sticky":false,"template":"","format":"standard","meta":{"footnotes":""},"categories":[1],"tags":[],"class_list":{"0":"post-87703","1":"post","2":"type-post","3":"status-publish","4":"format-standard","5":"has-post-thumbnail","7":"category-te-tjera"},"_links":{"self":[{"href":"https:\/\/neutrale.al\/index.php\/wp-json\/wp\/v2\/posts\/87703","targetHints":{"allow":["GET"]}}],"collection":[{"href":"https:\/\/neutrale.al\/index.php\/wp-json\/wp\/v2\/posts"}],"about":[{"href":"https:\/\/neutrale.al\/index.php\/wp-json\/wp\/v2\/types\/post"}],"author":[{"embeddable":true,"href":"https:\/\/neutrale.al\/index.php\/wp-json\/wp\/v2\/users\/2"}],"replies":[{"embeddable":true,"href":"https:\/\/neutrale.al\/index.php\/wp-json\/wp\/v2\/comments?post=87703"}],"version-history":[{"count":1,"href":"https:\/\/neutrale.al\/index.php\/wp-json\/wp\/v2\/posts\/87703\/revisions"}],"predecessor-version":[{"id":87706,"href":"https:\/\/neutrale.al\/index.php\/wp-json\/wp\/v2\/posts\/87703\/revisions\/87706"}],"wp:featuredmedia":[{"embeddable":true,"href":"https:\/\/neutrale.al\/index.php\/wp-json\/wp\/v2\/media\/87705"}],"wp:attachment":[{"href":"https:\/\/neutrale.al\/index.php\/wp-json\/wp\/v2\/media?parent=87703"}],"wp:term":[{"taxonomy":"category","embeddable":true,"href":"https:\/\/neutrale.al\/index.php\/wp-json\/wp\/v2\/categories?post=87703"},{"taxonomy":"post_tag","embeddable":true,"href":"https:\/\/neutrale.al\/index.php\/wp-json\/wp\/v2\/tags?post=87703"}],"curies":[{"name":"wp","href":"https:\/\/api.w.org\/{rel}","templated":true}]}}