{"id":8766,"date":"2022-07-11T08:11:20","date_gmt":"2022-07-11T08:11:20","guid":{"rendered":"https:\/\/neutrale.al\/?p=8766"},"modified":"2022-07-11T08:11:20","modified_gmt":"2022-07-11T08:11:20","slug":"liz-truss-shpall-kandidaturen-per-kryeministre-te-mbreterise-se-bashkuar","status":"publish","type":"post","link":"https:\/\/neutrale.al\/index.php\/2022\/07\/11\/liz-truss-shpall-kandidaturen-per-kryeministre-te-mbreterise-se-bashkuar\/","title":{"rendered":"Liz Truss shpall kandidatur\u00ebn p\u00ebr kryeministre t\u00eb Mbret\u00ebris\u00eb s\u00eb Bashkuar"},"content":{"rendered":"\n<p>Sekretarja e Jashtme Liz Truss \u00ebsht\u00eb b\u00ebr\u00eb konservatorja e fundit q\u00eb ka nisur nj\u00eb fushat\u00eb p\u00ebr t\u2019u b\u00ebr\u00eb kryeministre e ardhshme, duke th\u00ebn\u00eb se ajo do t\u00eb ul\u00eb taksat \u201cq\u00eb nga dita e par\u00eb\u201d, shkruan The Guardian. <\/p>\n<p>N\u00eb nj\u00eb l\u00ebvizje t\u00eb shum\u00ebpritur duke shpallur kandidatur\u00ebn e saj, ajo tha se do t\u00eb ul\u00eb taks\u00ebn e korporat\u00ebs, do t\u00eb ndryshoj\u00eb rritjen e Sigurimeve Komb\u00ebtare dhe do t\u00eb rregulloj\u00eb normat e biznesit. <\/p>\n<p>Ajo ka th\u00ebn\u00eb: <\/p>\n<p>Nuk \u00ebsht\u00eb e drejt\u00eb t\u00eb vendos\u00ebsh taksa tani. Un\u00eb do t\u00eb anuloja rritjen e Sigurimeve Komb\u00ebtare q\u00eb erdhi gjat\u00eb muajit prill, do t\u00eb sigurohesha q\u00eb ta mbajm\u00eb taks\u00ebn e korporat\u00ebs konkurruese n\u00eb m\u00ebnyr\u00eb q\u00eb t\u00eb mund t\u00eb t\u00ebrheqim biznese dhe investime n\u00eb Britani, dhe ta vendosim borxhin e Covidit n\u00eb nj\u00eb baz\u00eb afatgjat\u00eb. <\/p>\n<p>Do t\u00eb b\u00ebj q\u00eb sektori privat t\u00eb rritet m\u00eb shpejt se sektori publik, me nj\u00eb plan afatgjat\u00eb p\u00ebr t\u00eb ulur madh\u00ebsin\u00eb e shtetit dhe barr\u00ebn tatimore. <\/p>\n<p>Ajo shtoi: \u201cNe duhet t\u00eb barazohemi me popullin britanik. Koh\u00ebt jan\u00eb t\u00eb v\u00ebshtira, por me veprimet dhe planin e duhur ekonomik do t\u00eb kthehemi shpejt n\u00eb rrug\u00ebn e duhur. <\/p>\n<p>\u201cI refuzoj z\u00ebrat e r\u00ebnies dhe besoj me vendosm\u00ebri se dit\u00ebt tona m\u00eb t\u00eb mira jan\u00eb p\u00ebrpara. Ne mund dhe do ta arrijm\u00eb k\u00ebt\u00eb p\u00ebrparim tani duke u siguruar q\u00eb lopatat t\u00eb hyjn\u00eb n\u00eb tok\u00eb, njer\u00ebzit t\u00eb jen\u00eb n\u00eb pun\u00eb dhe m\u00eb shum\u00eb para t\u00eb shkojn\u00eb n\u00eb zonat lokale.\u201d<\/p>\n","protected":false},"excerpt":{"rendered":"<p>Sekretarja e Jashtme Liz Truss \u00ebsht\u00eb b\u00ebr\u00eb konservatorja e fundit q\u00eb ka nisur nj\u00eb fushat\u00eb p\u00ebr t\u2019u b\u00ebr\u00eb kryeministre e ardhshme, duke th\u00ebn\u00eb se ajo do t\u00eb ul\u00eb taksat \u201cq\u00eb nga dita e par\u00eb\u201d, shkruan The Guardian. N\u00eb nj\u00eb l\u00ebvizje t\u00eb shum\u00ebpritur duke shpallur kandidatur\u00ebn e saj, ajo tha se do t\u00eb ul\u00eb taks\u00ebn e [&hellip;]<\/p>\n","protected":false},"author":2,"featured_media":8767,"comment_status":"open","ping_status":"open","sticky":false,"template":"","format":"standard","meta":{"footnotes":""},"categories":[12],"tags":[27],"class_list":{"0":"post-8766","1":"post","2":"type-post","3":"status-publish","4":"format-standard","5":"has-post-thumbnail","7":"category-bota","8":"tag-lajme"},"_links":{"self":[{"href":"https:\/\/neutrale.al\/index.php\/wp-json\/wp\/v2\/posts\/8766","targetHints":{"allow":["GET"]}}],"collection":[{"href":"https:\/\/neutrale.al\/index.php\/wp-json\/wp\/v2\/posts"}],"about":[{"href":"https:\/\/neutrale.al\/index.php\/wp-json\/wp\/v2\/types\/post"}],"author":[{"embeddable":true,"href":"https:\/\/neutrale.al\/index.php\/wp-json\/wp\/v2\/users\/2"}],"replies":[{"embeddable":true,"href":"https:\/\/neutrale.al\/index.php\/wp-json\/wp\/v2\/comments?post=8766"}],"version-history":[{"count":1,"href":"https:\/\/neutrale.al\/index.php\/wp-json\/wp\/v2\/posts\/8766\/revisions"}],"predecessor-version":[{"id":8768,"href":"https:\/\/neutrale.al\/index.php\/wp-json\/wp\/v2\/posts\/8766\/revisions\/8768"}],"wp:featuredmedia":[{"embeddable":true,"href":"https:\/\/neutrale.al\/index.php\/wp-json\/wp\/v2\/media\/8767"}],"wp:attachment":[{"href":"https:\/\/neutrale.al\/index.php\/wp-json\/wp\/v2\/media?parent=8766"}],"wp:term":[{"taxonomy":"category","embeddable":true,"href":"https:\/\/neutrale.al\/index.php\/wp-json\/wp\/v2\/categories?post=8766"},{"taxonomy":"post_tag","embeddable":true,"href":"https:\/\/neutrale.al\/index.php\/wp-json\/wp\/v2\/tags?post=8766"}],"curies":[{"name":"wp","href":"https:\/\/api.w.org\/{rel}","templated":true}]}}