{"id":87245,"date":"2025-02-23T11:50:57","date_gmt":"2025-02-23T11:50:57","guid":{"rendered":"https:\/\/neutrale.al\/?p=87245"},"modified":"2025-02-23T11:50:57","modified_gmt":"2025-02-23T11:50:57","slug":"avokat-arsen-begu-kandidat-per-primaret-ne-qarkun-diber","status":"publish","type":"post","link":"https:\/\/neutrale.al\/index.php\/2025\/02\/23\/avokat-arsen-begu-kandidat-per-primaret-ne-qarkun-diber\/","title":{"rendered":"Avokat Arsen Begu \u2013 Kandidat p\u00ebr Primaret n\u00eb Qarkun Dib\u00ebr"},"content":{"rendered":"<p>**Nj\u00eb z\u00eb i ri p\u00ebr p\u00ebrfaq\u00ebsimin e demokrat\u00ebve n\u00eb Dib\u00ebr!<\/p>\n<p>Arsen Begu vjen nga nj\u00eb familje demokrate, intelektuale dhe e djatht\u00eb, e persekutuar brez pas brezi. Me nj\u00eb angazhim t\u00eb hersh\u00ebm n\u00eb politik\u00eb, ai ka qen\u00eb pjes\u00eb aktive e strukturave t\u00eb **Forumit Rinor t\u00eb Partis\u00eb Demokratike (FRPD)**, duke dh\u00ebn\u00eb kontribut t\u00eb r\u00ebnd\u00ebsish\u00ebm n\u00eb fuqizimin e t\u00eb rinjve dhe promovimin e vlerave demokratike.  <\/p>\n<p> **Angazhimi politik:**  <\/p>\n<p>An\u00ebtar dhe aktivist i strukturave t\u00eb **FRPD** n\u00eb Dib\u00ebr, ku ka kontribuar n\u00eb organizimin e aktiviteteve politike dhe mobilizimin e t\u00eb rinjve.  <\/p>\n<p> Pjes\u00eb e strukturave t\u00eb **Partis\u00eb Demokratike, Dega Dib\u00ebr**, duke punuar p\u00ebr forcimin e organizat\u00ebs dhe p\u00ebrfaq\u00ebsimin e denj\u00eb t\u00eb komunitetit.  <\/p>\n<p>**Me vizion t\u00eb qart\u00eb p\u00ebr t\u00eb ardhmen dhe p\u00ebrkushtim ndaj parimeve demokratike, Arsen Begu \u00ebsht\u00eb nj\u00eb figur\u00eb q\u00eb i b\u00ebn nder Dibr\u00ebs!**<\/p>\n","protected":false},"excerpt":{"rendered":"<p>**Nj\u00eb z\u00eb i ri p\u00ebr p\u00ebrfaq\u00ebsimin e demokrat\u00ebve n\u00eb Dib\u00ebr! Arsen Begu vjen nga nj\u00eb familje demokrate, intelektuale dhe e djatht\u00eb, e persekutuar brez pas brezi. Me nj\u00eb angazhim t\u00eb hersh\u00ebm n\u00eb politik\u00eb, ai ka qen\u00eb pjes\u00eb aktive e strukturave t\u00eb **Forumit Rinor t\u00eb Partis\u00eb Demokratike (FRPD)**, duke dh\u00ebn\u00eb kontribut t\u00eb r\u00ebnd\u00ebsish\u00ebm n\u00eb fuqizimin e [&hellip;]<\/p>\n","protected":false},"author":2,"featured_media":87246,"comment_status":"open","ping_status":"open","sticky":false,"template":"","format":"standard","meta":{"footnotes":""},"categories":[1],"tags":[],"class_list":{"0":"post-87245","1":"post","2":"type-post","3":"status-publish","4":"format-standard","5":"has-post-thumbnail","7":"category-te-tjera"},"_links":{"self":[{"href":"https:\/\/neutrale.al\/index.php\/wp-json\/wp\/v2\/posts\/87245","targetHints":{"allow":["GET"]}}],"collection":[{"href":"https:\/\/neutrale.al\/index.php\/wp-json\/wp\/v2\/posts"}],"about":[{"href":"https:\/\/neutrale.al\/index.php\/wp-json\/wp\/v2\/types\/post"}],"author":[{"embeddable":true,"href":"https:\/\/neutrale.al\/index.php\/wp-json\/wp\/v2\/users\/2"}],"replies":[{"embeddable":true,"href":"https:\/\/neutrale.al\/index.php\/wp-json\/wp\/v2\/comments?post=87245"}],"version-history":[{"count":1,"href":"https:\/\/neutrale.al\/index.php\/wp-json\/wp\/v2\/posts\/87245\/revisions"}],"predecessor-version":[{"id":87247,"href":"https:\/\/neutrale.al\/index.php\/wp-json\/wp\/v2\/posts\/87245\/revisions\/87247"}],"wp:featuredmedia":[{"embeddable":true,"href":"https:\/\/neutrale.al\/index.php\/wp-json\/wp\/v2\/media\/87246"}],"wp:attachment":[{"href":"https:\/\/neutrale.al\/index.php\/wp-json\/wp\/v2\/media?parent=87245"}],"wp:term":[{"taxonomy":"category","embeddable":true,"href":"https:\/\/neutrale.al\/index.php\/wp-json\/wp\/v2\/categories?post=87245"},{"taxonomy":"post_tag","embeddable":true,"href":"https:\/\/neutrale.al\/index.php\/wp-json\/wp\/v2\/tags?post=87245"}],"curies":[{"name":"wp","href":"https:\/\/api.w.org\/{rel}","templated":true}]}}