{"id":8584,"date":"2022-07-09T16:13:08","date_gmt":"2022-07-09T16:13:08","guid":{"rendered":"https:\/\/neutrale.al\/?p=8584"},"modified":"2022-07-09T16:13:08","modified_gmt":"2022-07-09T16:13:08","slug":"itali-vdes-20-vjecari-shqiptar","status":"publish","type":"post","link":"https:\/\/neutrale.al\/index.php\/2022\/07\/09\/itali-vdes-20-vjecari-shqiptar\/","title":{"rendered":"Itali\/ Vdes 20 vje\u00e7ari shqiptar"},"content":{"rendered":"<p>Ngjarja e r\u00ebnd\u00eb \u00ebsht\u00eb rregjistruar n\u00eb Falciano del Massico, Itali, ku nj\u00eb 20-vje\u00e7ar shqiptar \u00ebsht\u00eb gjetur dit\u00ebn e sotme i pajet\u00eb n\u00eb nj\u00eb tok\u00eb bujq\u00ebsore.<br \/>\nCaserta news shkruan se i riu mund t\u00eb ket\u00eb nd\u00ebrruar jet\u00eb si pasoj\u00eb e temperaturave t\u00eb larta, por pritet autopsia p\u00ebr p\u00ebrcaktimin e sakt\u00eb t\u00eb shkakut t\u00eb vdekjes. Edhe pse \u00ebsht\u00eb njoftuar ambulanca, ka qen\u00eb e kot\u00eb p\u00ebrpjekja pasi i riu kishte nd\u00ebrruar jet\u00eb. <\/p>\n<p>Ende nuk ka informacione p\u00ebr identitetin e tij, por m\u00ebsohet se ai banonte n\u00eb zon\u00ebn e Sparanis\u00eb<\/p>\n","protected":false},"excerpt":{"rendered":"<p>Ngjarja e r\u00ebnd\u00eb \u00ebsht\u00eb rregjistruar n\u00eb Falciano del Massico, Itali, ku nj\u00eb 20-vje\u00e7ar shqiptar \u00ebsht\u00eb gjetur dit\u00ebn e sotme i pajet\u00eb n\u00eb nj\u00eb tok\u00eb bujq\u00ebsore. Caserta news shkruan se i riu mund t\u00eb ket\u00eb nd\u00ebrruar jet\u00eb si pasoj\u00eb e temperaturave t\u00eb larta, por pritet autopsia p\u00ebr p\u00ebrcaktimin e sakt\u00eb t\u00eb shkakut t\u00eb vdekjes. Edhe pse [&hellip;]<\/p>\n","protected":false},"author":2,"featured_media":8585,"comment_status":"open","ping_status":"open","sticky":false,"template":"","format":"standard","meta":{"footnotes":""},"categories":[12],"tags":[27],"class_list":{"0":"post-8584","1":"post","2":"type-post","3":"status-publish","4":"format-standard","5":"has-post-thumbnail","7":"category-bota","8":"tag-lajme"},"_links":{"self":[{"href":"https:\/\/neutrale.al\/index.php\/wp-json\/wp\/v2\/posts\/8584","targetHints":{"allow":["GET"]}}],"collection":[{"href":"https:\/\/neutrale.al\/index.php\/wp-json\/wp\/v2\/posts"}],"about":[{"href":"https:\/\/neutrale.al\/index.php\/wp-json\/wp\/v2\/types\/post"}],"author":[{"embeddable":true,"href":"https:\/\/neutrale.al\/index.php\/wp-json\/wp\/v2\/users\/2"}],"replies":[{"embeddable":true,"href":"https:\/\/neutrale.al\/index.php\/wp-json\/wp\/v2\/comments?post=8584"}],"version-history":[{"count":1,"href":"https:\/\/neutrale.al\/index.php\/wp-json\/wp\/v2\/posts\/8584\/revisions"}],"predecessor-version":[{"id":8586,"href":"https:\/\/neutrale.al\/index.php\/wp-json\/wp\/v2\/posts\/8584\/revisions\/8586"}],"wp:featuredmedia":[{"embeddable":true,"href":"https:\/\/neutrale.al\/index.php\/wp-json\/wp\/v2\/media\/8585"}],"wp:attachment":[{"href":"https:\/\/neutrale.al\/index.php\/wp-json\/wp\/v2\/media?parent=8584"}],"wp:term":[{"taxonomy":"category","embeddable":true,"href":"https:\/\/neutrale.al\/index.php\/wp-json\/wp\/v2\/categories?post=8584"},{"taxonomy":"post_tag","embeddable":true,"href":"https:\/\/neutrale.al\/index.php\/wp-json\/wp\/v2\/tags?post=8584"}],"curies":[{"name":"wp","href":"https:\/\/api.w.org\/{rel}","templated":true}]}}