{"id":8576,"date":"2022-07-09T15:23:13","date_gmt":"2022-07-09T15:23:13","guid":{"rendered":"https:\/\/neutrale.al\/?p=8576"},"modified":"2022-07-09T15:23:13","modified_gmt":"2022-07-09T15:23:13","slug":"kurban-bajrami-veliaj-dreke-ne-qender-sociale","status":"publish","type":"post","link":"https:\/\/neutrale.al\/index.php\/2022\/07\/09\/kurban-bajrami-veliaj-dreke-ne-qender-sociale\/","title":{"rendered":"Kurban Bajrami- Veliaj, drek\u00eb n\u00eb qend\u00ebr sociale"},"content":{"rendered":"\n<p>P\u00ebr t\u00eb festuar Kurban Bajramin, por edhe p\u00ebr t\u00eb dh\u00ebn\u00eb nj\u00eb mesazh mb\u00ebshtetje, Kryetari i bashkis\u00eb s\u00eb kryeqytetit, Erion Veliaj, ka zgjedhur q\u00eb t\u00eb shtroi nj\u00eb drek\u00eb p\u00ebr njer\u00ebzit nevojtar. <\/p>\n<p>Ai ka qen\u00eb sot te qendra sociale &#8220;Gonxhe Bojaxhi&#8221; dje n\u00eb imazhet e shp\u00ebrndara, shfaqet mes tyre duke ju sh\u00ebrbyer drek\u00ebn.<br \/>\nK\u00ebto b\u00ebhen t\u00eb ditura, nga nj\u00eb postim i tij n\u00eb &#8220;Facebook&#8221;. <\/p>\n<p>Ja sh\u00ebnimi i tij: <\/p>\n<p>&#8220;N\u00eb nj\u00eb dit\u00eb t\u00eb shenjt\u00eb si Kurban Bajrami, n\u00eb sh\u00ebrbim t\u00eb njer\u00ebzve t\u00eb mir\u00eb e mikprit\u00ebs, te qendra sociale &#8220;Gonxhe Bojaxhiu&#8221;<br \/>\nG\u00ebzuar !&#8221;<\/p>\n<p><img loading=\"lazy\" loading=\"lazy\" decoding=\"async\" src=\"https:\/\/neutrale.al\/wp-content\/uploads\/2022\/07\/31980CF6-1E58-48A7-A31A-70F8EE80018C-300x200.jpeg\" alt=\"\" width=\"300\" height=\"200\" class=\"alignnone size-medium wp-image-8578\" srcset=\"https:\/\/neutrale.al\/wp-content\/uploads\/2022\/07\/31980CF6-1E58-48A7-A31A-70F8EE80018C-300x200.jpeg 300w, https:\/\/neutrale.al\/wp-content\/uploads\/2022\/07\/31980CF6-1E58-48A7-A31A-70F8EE80018C-1024x682.jpeg 1024w, https:\/\/neutrale.al\/wp-content\/uploads\/2022\/07\/31980CF6-1E58-48A7-A31A-70F8EE80018C-768x512.jpeg 768w, https:\/\/neutrale.al\/wp-content\/uploads\/2022\/07\/31980CF6-1E58-48A7-A31A-70F8EE80018C-330x220.jpeg 330w, https:\/\/neutrale.al\/wp-content\/uploads\/2022\/07\/31980CF6-1E58-48A7-A31A-70F8EE80018C-420x280.jpeg 420w, https:\/\/neutrale.al\/wp-content\/uploads\/2022\/07\/31980CF6-1E58-48A7-A31A-70F8EE80018C-615x410.jpeg 615w, https:\/\/neutrale.al\/wp-content\/uploads\/2022\/07\/31980CF6-1E58-48A7-A31A-70F8EE80018C-860x573.jpeg 860w, https:\/\/neutrale.al\/wp-content\/uploads\/2022\/07\/31980CF6-1E58-48A7-A31A-70F8EE80018C.jpeg 1081w\" sizes=\"auto, (max-width: 300px) 100vw, 300px\" \/><\/p>\n<p><img loading=\"lazy\" loading=\"lazy\" decoding=\"async\" src=\"https:\/\/neutrale.al\/wp-content\/uploads\/2022\/07\/B738F183-25D6-4514-8888-D2357E225E45-300x200.jpeg\" alt=\"\" width=\"300\" height=\"200\" class=\"alignnone size-medium wp-image-8579\" srcset=\"https:\/\/neutrale.al\/wp-content\/uploads\/2022\/07\/B738F183-25D6-4514-8888-D2357E225E45-300x200.jpeg 300w, https:\/\/neutrale.al\/wp-content\/uploads\/2022\/07\/B738F183-25D6-4514-8888-D2357E225E45-1024x682.jpeg 1024w, https:\/\/neutrale.al\/wp-content\/uploads\/2022\/07\/B738F183-25D6-4514-8888-D2357E225E45-768x512.jpeg 768w, https:\/\/neutrale.al\/wp-content\/uploads\/2022\/07\/B738F183-25D6-4514-8888-D2357E225E45-330x220.jpeg 330w, https:\/\/neutrale.al\/wp-content\/uploads\/2022\/07\/B738F183-25D6-4514-8888-D2357E225E45-420x280.jpeg 420w, https:\/\/neutrale.al\/wp-content\/uploads\/2022\/07\/B738F183-25D6-4514-8888-D2357E225E45-615x410.jpeg 615w, https:\/\/neutrale.al\/wp-content\/uploads\/2022\/07\/B738F183-25D6-4514-8888-D2357E225E45-860x573.jpeg 860w, https:\/\/neutrale.al\/wp-content\/uploads\/2022\/07\/B738F183-25D6-4514-8888-D2357E225E45.jpeg 1081w\" sizes=\"auto, (max-width: 300px) 100vw, 300px\" \/><\/p>\n","protected":false},"excerpt":{"rendered":"<p>P\u00ebr t\u00eb festuar Kurban Bajramin, por edhe p\u00ebr t\u00eb dh\u00ebn\u00eb nj\u00eb mesazh mb\u00ebshtetje, Kryetari i bashkis\u00eb s\u00eb kryeqytetit, Erion Veliaj, ka zgjedhur q\u00eb t\u00eb shtroi nj\u00eb drek\u00eb p\u00ebr njer\u00ebzit nevojtar. Ai ka qen\u00eb sot te qendra sociale &#8220;Gonxhe Bojaxhi&#8221; dje n\u00eb imazhet e shp\u00ebrndara, shfaqet mes tyre duke ju sh\u00ebrbyer drek\u00ebn. K\u00ebto b\u00ebhen t\u00eb ditura, [&hellip;]<\/p>\n","protected":false},"author":2,"featured_media":8577,"comment_status":"open","ping_status":"open","sticky":false,"template":"","format":"standard","meta":{"footnotes":""},"categories":[118,9],"tags":[27],"class_list":{"0":"post-8576","1":"post","2":"type-post","3":"status-publish","4":"format-standard","5":"has-post-thumbnail","7":"category-kryesore","8":"category-politika","9":"tag-lajme"},"_links":{"self":[{"href":"https:\/\/neutrale.al\/index.php\/wp-json\/wp\/v2\/posts\/8576","targetHints":{"allow":["GET"]}}],"collection":[{"href":"https:\/\/neutrale.al\/index.php\/wp-json\/wp\/v2\/posts"}],"about":[{"href":"https:\/\/neutrale.al\/index.php\/wp-json\/wp\/v2\/types\/post"}],"author":[{"embeddable":true,"href":"https:\/\/neutrale.al\/index.php\/wp-json\/wp\/v2\/users\/2"}],"replies":[{"embeddable":true,"href":"https:\/\/neutrale.al\/index.php\/wp-json\/wp\/v2\/comments?post=8576"}],"version-history":[{"count":1,"href":"https:\/\/neutrale.al\/index.php\/wp-json\/wp\/v2\/posts\/8576\/revisions"}],"predecessor-version":[{"id":8580,"href":"https:\/\/neutrale.al\/index.php\/wp-json\/wp\/v2\/posts\/8576\/revisions\/8580"}],"wp:featuredmedia":[{"embeddable":true,"href":"https:\/\/neutrale.al\/index.php\/wp-json\/wp\/v2\/media\/8577"}],"wp:attachment":[{"href":"https:\/\/neutrale.al\/index.php\/wp-json\/wp\/v2\/media?parent=8576"}],"wp:term":[{"taxonomy":"category","embeddable":true,"href":"https:\/\/neutrale.al\/index.php\/wp-json\/wp\/v2\/categories?post=8576"},{"taxonomy":"post_tag","embeddable":true,"href":"https:\/\/neutrale.al\/index.php\/wp-json\/wp\/v2\/tags?post=8576"}],"curies":[{"name":"wp","href":"https:\/\/api.w.org\/{rel}","templated":true}]}}