{"id":8266,"date":"2022-07-07T10:00:21","date_gmt":"2022-07-07T10:00:21","guid":{"rendered":"https:\/\/neutrale.al\/?p=8266"},"modified":"2022-07-07T10:00:21","modified_gmt":"2022-07-07T10:00:21","slug":"kryeministri-rama-shqiperia-kampione-e-ballkanit-ne-turizem","status":"publish","type":"post","link":"https:\/\/neutrale.al\/index.php\/2022\/07\/07\/kryeministri-rama-shqiperia-kampione-e-ballkanit-ne-turizem\/","title":{"rendered":"Kryeministri Rama:  Shqip\u00ebria kampione e Ballkanit n\u00eb turiz\u00ebm."},"content":{"rendered":"<p>Porti i Durr\u00ebsit, porta e turizmit. <\/p>\n<p>M\u00ebngjesin e sot\u00ebm, Kryeministri Edi Rama, nga &#8220;Facebook&#8221; i tij, b\u00ebn\u00eb me dije se gjat\u00eb qershorit, 30 mij\u00eb turist\u00eb kan\u00eb zbarkuar n\u00eb portin e Durr\u00ebsit.<br \/>\nPostimin e tij, ai e shoq\u00ebron me disa foto nga porti. <\/p>\n<p>Ja statusi i sot\u00ebm: <\/p>\n<p>&#8220;30 mij\u00eb turist\u00eb kan\u00eb zgjedhur t\u00eb hyjn\u00eb p\u00ebrmes Portit t\u00eb Durr\u00ebsit p\u00ebr t\u00eb kaluar pushimet n\u00eb Shqip\u00ebri, gjat\u00eb muajit qershor. Shqip\u00ebria Turistike ka hyr\u00eb n\u00eb rrug\u00ebn p\u00ebr t&#8217;u b\u00ebr\u00eb kampione e Ballkanit n\u00eb turiz\u00ebm, n\u00eb k\u00ebt\u00eb dekad\u00eb transformimi epokal.<\/p>\n<p><img loading=\"lazy\" loading=\"lazy\" decoding=\"async\" src=\"https:\/\/neutrale.al\/wp-content\/uploads\/2022\/07\/DFCE82EA-F5F6-424E-B5EE-C452847AC362-300x274.jpeg\" alt=\"\" width=\"300\" height=\"274\" class=\"alignnone size-medium wp-image-8268\" srcset=\"https:\/\/neutrale.al\/wp-content\/uploads\/2022\/07\/DFCE82EA-F5F6-424E-B5EE-C452847AC362-300x274.jpeg 300w, https:\/\/neutrale.al\/wp-content\/uploads\/2022\/07\/DFCE82EA-F5F6-424E-B5EE-C452847AC362-1024x936.jpeg 1024w, https:\/\/neutrale.al\/wp-content\/uploads\/2022\/07\/DFCE82EA-F5F6-424E-B5EE-C452847AC362-768x702.jpeg 768w, https:\/\/neutrale.al\/wp-content\/uploads\/2022\/07\/DFCE82EA-F5F6-424E-B5EE-C452847AC362-860x786.jpeg 860w, https:\/\/neutrale.al\/wp-content\/uploads\/2022\/07\/DFCE82EA-F5F6-424E-B5EE-C452847AC362.jpeg 1080w\" sizes=\"auto, (max-width: 300px) 100vw, 300px\" \/><\/p>\n<p><img loading=\"lazy\" loading=\"lazy\" decoding=\"async\" src=\"https:\/\/neutrale.al\/wp-content\/uploads\/2022\/07\/E7842A16-3D1F-4FE8-8FF2-074AE0A603A6-300x225.jpeg\" alt=\"\" width=\"300\" height=\"225\" class=\"alignnone size-medium wp-image-8269\" srcset=\"https:\/\/neutrale.al\/wp-content\/uploads\/2022\/07\/E7842A16-3D1F-4FE8-8FF2-074AE0A603A6-300x225.jpeg 300w, https:\/\/neutrale.al\/wp-content\/uploads\/2022\/07\/E7842A16-3D1F-4FE8-8FF2-074AE0A603A6-1024x768.jpeg 1024w, https:\/\/neutrale.al\/wp-content\/uploads\/2022\/07\/E7842A16-3D1F-4FE8-8FF2-074AE0A603A6-768x576.jpeg 768w, https:\/\/neutrale.al\/wp-content\/uploads\/2022\/07\/E7842A16-3D1F-4FE8-8FF2-074AE0A603A6-860x645.jpeg 860w, https:\/\/neutrale.al\/wp-content\/uploads\/2022\/07\/E7842A16-3D1F-4FE8-8FF2-074AE0A603A6.jpeg 1080w\" sizes=\"auto, (max-width: 300px) 100vw, 300px\" \/><\/p>\n","protected":false},"excerpt":{"rendered":"<p>Porti i Durr\u00ebsit, porta e turizmit. M\u00ebngjesin e sot\u00ebm, Kryeministri Edi Rama, nga &#8220;Facebook&#8221; i tij, b\u00ebn\u00eb me dije se gjat\u00eb qershorit, 30 mij\u00eb turist\u00eb kan\u00eb zbarkuar n\u00eb portin e Durr\u00ebsit. Postimin e tij, ai e shoq\u00ebron me disa foto nga porti. Ja statusi i sot\u00ebm: &#8220;30 mij\u00eb turist\u00eb kan\u00eb zgjedhur t\u00eb hyjn\u00eb p\u00ebrmes Portit [&hellip;]<\/p>\n","protected":false},"author":2,"featured_media":8267,"comment_status":"open","ping_status":"open","sticky":false,"template":"","format":"standard","meta":{"footnotes":""},"categories":[117,118],"tags":[],"class_list":{"0":"post-8266","1":"post","2":"type-post","3":"status-publish","4":"format-standard","5":"has-post-thumbnail","7":"category-aktualitet","8":"category-kryesore"},"_links":{"self":[{"href":"https:\/\/neutrale.al\/index.php\/wp-json\/wp\/v2\/posts\/8266","targetHints":{"allow":["GET"]}}],"collection":[{"href":"https:\/\/neutrale.al\/index.php\/wp-json\/wp\/v2\/posts"}],"about":[{"href":"https:\/\/neutrale.al\/index.php\/wp-json\/wp\/v2\/types\/post"}],"author":[{"embeddable":true,"href":"https:\/\/neutrale.al\/index.php\/wp-json\/wp\/v2\/users\/2"}],"replies":[{"embeddable":true,"href":"https:\/\/neutrale.al\/index.php\/wp-json\/wp\/v2\/comments?post=8266"}],"version-history":[{"count":1,"href":"https:\/\/neutrale.al\/index.php\/wp-json\/wp\/v2\/posts\/8266\/revisions"}],"predecessor-version":[{"id":8270,"href":"https:\/\/neutrale.al\/index.php\/wp-json\/wp\/v2\/posts\/8266\/revisions\/8270"}],"wp:featuredmedia":[{"embeddable":true,"href":"https:\/\/neutrale.al\/index.php\/wp-json\/wp\/v2\/media\/8267"}],"wp:attachment":[{"href":"https:\/\/neutrale.al\/index.php\/wp-json\/wp\/v2\/media?parent=8266"}],"wp:term":[{"taxonomy":"category","embeddable":true,"href":"https:\/\/neutrale.al\/index.php\/wp-json\/wp\/v2\/categories?post=8266"},{"taxonomy":"post_tag","embeddable":true,"href":"https:\/\/neutrale.al\/index.php\/wp-json\/wp\/v2\/tags?post=8266"}],"curies":[{"name":"wp","href":"https:\/\/api.w.org\/{rel}","templated":true}]}}