{"id":8152,"date":"2022-07-06T14:58:09","date_gmt":"2022-07-06T14:58:09","guid":{"rendered":"https:\/\/neutrale.al\/?p=8152"},"modified":"2022-07-06T14:58:09","modified_gmt":"2022-07-06T14:58:09","slug":"tritan-shehu-mjeket-6-rritje-rroge-5-9-inflacioni-ofendim-qeveritar-ndaj-bluzave-te-bardha","status":"publish","type":"post","link":"https:\/\/neutrale.al\/index.php\/2022\/07\/06\/tritan-shehu-mjeket-6-rritje-rroge-5-9-inflacioni-ofendim-qeveritar-ndaj-bluzave-te-bardha\/","title":{"rendered":"Tritan Shehu\/Mjek\u00ebt, 6% rritje rroge&#8211;5.9% inflacioni&#8230; Ofendim qeveritar ndaj bluzave t\u00eb bardha."},"content":{"rendered":"<p>Ofendimi i radh\u00ebs i personelit sh\u00ebndet\u00ebsor, tjet\u00ebr shkak p\u00ebr t\u00eb protestuar! <\/p>\n<p>Deklaron Qeveria me pompozitet suksesin e saj, i rritet 6% rroga personelit mjek\u00ebsor prej muajit Korrik!<br \/>\nT\u00eb b\u00ebjm\u00eb nj\u00eb llogari t\u00eb thjesht\u00eb:<br \/>\nPrej Korrikut deri n\u00eb fund t\u00eb vitit jan\u00eb 6 muaj, pra 1\/2 e vitit.<br \/>\nKjo do t\u00eb thot\u00eb se rroga \u00ebsht\u00eb ritur me vet\u00ebm 3% n\u00eb nivel viti.<br \/>\nNga ana tjet\u00ebr inflacioni deri tashti \u00ebsht\u00eb 5,9% dhe jo vetem q\u00eb nuk do t\u00eb ulet edhe p\u00ebr 6 mujorin e dyt\u00eb, por mund t\u00eb rritet.<br \/>\nSidoqoft\u00eb e pranojm\u00eb se do t\u00eb ngelet kaq, pra 5,9% n\u00eb nivel viti.<br \/>\nNd\u00ebrsa paga ritet me 3% n\u00eb nivel viti, gj\u00eb q\u00eb indekson vet\u00ebm gjysm\u00ebn e inflacionit.<br \/>\nPra n\u00eb fakt jo vet\u00ebm nuk ka asnj\u00eb ritje page, por ka ulje prej 3% ne nivel te 2022 prej ritjes s\u00eb inflacionit!<br \/>\nKjo \u00ebsht\u00eb e v\u00ebrteta, q\u00eb na b\u00ebn t\u00eb jemi t\u00eb fundit n\u00eb Rajon e Europ\u00eb p\u00ebr pagat e personelit sh\u00ebndet\u00ebsor.<br \/>\nDhe pastaj Qeveria deklaron se nuk jan\u00eb pagat q\u00eb detyrojn\u00eb mjek\u00ebt, Infermier\u00ebt, fizioterapist\u00ebt, farmacist\u00ebt etj te braktisin vendin.<br \/>\nSot kemi arritur n\u00eb 1 mjek p\u00ebr 1000 banor\u00eb, shifer kolapsi kjo p\u00ebr sistemin.<br \/>\nDhe eksodi vazhdon me mij\u00ebra, m\u00eb shum\u00eb jan\u00eb largimet nga vendi se sa diplomimet e reja \u00e7do vit, pa llogaritur daljet n\u00eb pension e humbjet e tjera.<br \/>\nJam dakort q\u00eb nuk jan\u00eb vet\u00ebm pagat q\u00eb detyrojn\u00eb mjek\u00ebt t\u00eb largohen.<br \/>\nP\u00ebrve\u00e7 tyre jan\u00eb kushte diskretituese t\u00eb pun\u00ebs, niveli i ul\u00ebt teknologjik e shkencor i institucioneve, mund\u00ebsit\u00eb minimale p\u00ebr kualifikime e super specializime, terorizimi i tyre nga arbitrariteti i pushtetit etj.<br \/>\n\u00cbsht\u00eb dhe diskriminimi q\u00eb u b\u00ebhet \u00e7do dit\u00eb s\u00eb bashku me p\u00ebrbuzjen ndaj tyre, t\u00eb shoq\u00ebruar me \u201ctallje\u201d t\u00eb tilla si kjo sot e pagave.<br \/>\nPrandaj ky personel ka shum\u00eb p\u00ebr \u00e7far\u00eb t\u00eb protestoj\u00eb e k\u00ebrkoj\u00eb nes\u00ebr me 7 Korrik, s\u00eb bashku me t\u00eb gjith\u00eb t\u00eb tjer\u00ebt!<\/p>\n<p><img loading=\"lazy\" loading=\"lazy\" decoding=\"async\" src=\"https:\/\/neutrale.al\/wp-content\/uploads\/2022\/07\/D8175ED0-CFE8-4366-B292-C2DABC083624-300x225.jpeg\" alt=\"\" width=\"300\" height=\"225\" class=\"alignnone size-medium wp-image-8154\" srcset=\"https:\/\/neutrale.al\/wp-content\/uploads\/2022\/07\/D8175ED0-CFE8-4366-B292-C2DABC083624-300x225.jpeg 300w, https:\/\/neutrale.al\/wp-content\/uploads\/2022\/07\/D8175ED0-CFE8-4366-B292-C2DABC083624-768x576.jpeg 768w, https:\/\/neutrale.al\/wp-content\/uploads\/2022\/07\/D8175ED0-CFE8-4366-B292-C2DABC083624-860x645.jpeg 860w, https:\/\/neutrale.al\/wp-content\/uploads\/2022\/07\/D8175ED0-CFE8-4366-B292-C2DABC083624.jpeg 973w\" sizes=\"auto, (max-width: 300px) 100vw, 300px\" \/><\/p>\n","protected":false},"excerpt":{"rendered":"<p>Ofendimi i radh\u00ebs i personelit sh\u00ebndet\u00ebsor, tjet\u00ebr shkak p\u00ebr t\u00eb protestuar! Deklaron Qeveria me pompozitet suksesin e saj, i rritet 6% rroga personelit mjek\u00ebsor prej muajit Korrik! T\u00eb b\u00ebjm\u00eb nj\u00eb llogari t\u00eb thjesht\u00eb: Prej Korrikut deri n\u00eb fund t\u00eb vitit jan\u00eb 6 muaj, pra 1\/2 e vitit. Kjo do t\u00eb thot\u00eb se rroga \u00ebsht\u00eb ritur [&hellip;]<\/p>\n","protected":false},"author":2,"featured_media":8153,"comment_status":"open","ping_status":"open","sticky":false,"template":"","format":"standard","meta":{"footnotes":""},"categories":[2,9],"tags":[],"class_list":{"0":"post-8152","1":"post","2":"type-post","3":"status-publish","4":"format-standard","5":"has-post-thumbnail","7":"category-opinione","8":"category-politika"},"_links":{"self":[{"href":"https:\/\/neutrale.al\/index.php\/wp-json\/wp\/v2\/posts\/8152","targetHints":{"allow":["GET"]}}],"collection":[{"href":"https:\/\/neutrale.al\/index.php\/wp-json\/wp\/v2\/posts"}],"about":[{"href":"https:\/\/neutrale.al\/index.php\/wp-json\/wp\/v2\/types\/post"}],"author":[{"embeddable":true,"href":"https:\/\/neutrale.al\/index.php\/wp-json\/wp\/v2\/users\/2"}],"replies":[{"embeddable":true,"href":"https:\/\/neutrale.al\/index.php\/wp-json\/wp\/v2\/comments?post=8152"}],"version-history":[{"count":1,"href":"https:\/\/neutrale.al\/index.php\/wp-json\/wp\/v2\/posts\/8152\/revisions"}],"predecessor-version":[{"id":8155,"href":"https:\/\/neutrale.al\/index.php\/wp-json\/wp\/v2\/posts\/8152\/revisions\/8155"}],"wp:featuredmedia":[{"embeddable":true,"href":"https:\/\/neutrale.al\/index.php\/wp-json\/wp\/v2\/media\/8153"}],"wp:attachment":[{"href":"https:\/\/neutrale.al\/index.php\/wp-json\/wp\/v2\/media?parent=8152"}],"wp:term":[{"taxonomy":"category","embeddable":true,"href":"https:\/\/neutrale.al\/index.php\/wp-json\/wp\/v2\/categories?post=8152"},{"taxonomy":"post_tag","embeddable":true,"href":"https:\/\/neutrale.al\/index.php\/wp-json\/wp\/v2\/tags?post=8152"}],"curies":[{"name":"wp","href":"https:\/\/api.w.org\/{rel}","templated":true}]}}