{"id":8135,"date":"2022-07-06T12:33:53","date_gmt":"2022-07-06T12:33:53","guid":{"rendered":"https:\/\/neutrale.al\/?p=8135"},"modified":"2022-07-06T12:33:53","modified_gmt":"2022-07-06T12:33:53","slug":"qente-e-tiranes-zoter-te-lushnjes","status":"publish","type":"post","link":"https:\/\/neutrale.al\/index.php\/2022\/07\/06\/qente-e-tiranes-zoter-te-lushnjes\/","title":{"rendered":"Qent\u00eb e Tiran\u00ebs, zot\u00ebr t\u00eb Lushnjes&#8230;"},"content":{"rendered":"<p>Qent\u00eb e rrug\u00ebve t\u00eb Tiran\u00ebs jan\u00eb &#8220;internuar&#8221; n\u00eb Lushnj\u00eb. <\/p>\n<p>Deputeti Saimir Koreshi, si gjithmon\u00eb me statuset e tij ironike, e b\u00ebn\u00eb me dije k\u00ebt\u00eb fakt.<br \/>\nE dim\u00eb q\u00eb jan\u00eb tredhur, thot\u00eb ai, por prap\u00eb t\u00eb kafshojn\u00eb.<br \/>\nJa postimi dhe fotot q\u00eb ai ka shp\u00ebrndar\u00eb n\u00eb rrjetet sociale: <\/p>\n<p>&#8220;Alooo Bashkia faleminderit qe na hoqet zhabat po pse na sollet qente ??? <\/p>\n<p>Vertet na informoj Bashkimi ne emision qe jane te tredhur por ama te hane gjithsesi. <\/p>\n<p>Jo per gje por spara gjeje tetanoz ne spital! <\/p>\n<p>Kaq shume kompleksoheni nga Tirana saqe jua zbarkojne qente ne Lushnje??&#8221;<\/p>\n","protected":false},"excerpt":{"rendered":"<p>Qent\u00eb e rrug\u00ebve t\u00eb Tiran\u00ebs jan\u00eb &#8220;internuar&#8221; n\u00eb Lushnj\u00eb. Deputeti Saimir Koreshi, si gjithmon\u00eb me statuset e tij ironike, e b\u00ebn\u00eb me dije k\u00ebt\u00eb fakt. E dim\u00eb q\u00eb jan\u00eb tredhur, thot\u00eb ai, por prap\u00eb t\u00eb kafshojn\u00eb. Ja postimi dhe fotot q\u00eb ai ka shp\u00ebrndar\u00eb n\u00eb rrjetet sociale: &#8220;Alooo Bashkia faleminderit qe na hoqet zhabat po [&hellip;]<\/p>\n","protected":false},"author":2,"featured_media":8136,"comment_status":"open","ping_status":"open","sticky":false,"template":"","format":"standard","meta":{"footnotes":""},"categories":[9],"tags":[27],"class_list":{"0":"post-8135","1":"post","2":"type-post","3":"status-publish","4":"format-standard","5":"has-post-thumbnail","7":"category-politika","8":"tag-lajme"},"_links":{"self":[{"href":"https:\/\/neutrale.al\/index.php\/wp-json\/wp\/v2\/posts\/8135","targetHints":{"allow":["GET"]}}],"collection":[{"href":"https:\/\/neutrale.al\/index.php\/wp-json\/wp\/v2\/posts"}],"about":[{"href":"https:\/\/neutrale.al\/index.php\/wp-json\/wp\/v2\/types\/post"}],"author":[{"embeddable":true,"href":"https:\/\/neutrale.al\/index.php\/wp-json\/wp\/v2\/users\/2"}],"replies":[{"embeddable":true,"href":"https:\/\/neutrale.al\/index.php\/wp-json\/wp\/v2\/comments?post=8135"}],"version-history":[{"count":1,"href":"https:\/\/neutrale.al\/index.php\/wp-json\/wp\/v2\/posts\/8135\/revisions"}],"predecessor-version":[{"id":8137,"href":"https:\/\/neutrale.al\/index.php\/wp-json\/wp\/v2\/posts\/8135\/revisions\/8137"}],"wp:featuredmedia":[{"embeddable":true,"href":"https:\/\/neutrale.al\/index.php\/wp-json\/wp\/v2\/media\/8136"}],"wp:attachment":[{"href":"https:\/\/neutrale.al\/index.php\/wp-json\/wp\/v2\/media?parent=8135"}],"wp:term":[{"taxonomy":"category","embeddable":true,"href":"https:\/\/neutrale.al\/index.php\/wp-json\/wp\/v2\/categories?post=8135"},{"taxonomy":"post_tag","embeddable":true,"href":"https:\/\/neutrale.al\/index.php\/wp-json\/wp\/v2\/tags?post=8135"}],"curies":[{"name":"wp","href":"https:\/\/api.w.org\/{rel}","templated":true}]}}