{"id":80245,"date":"2024-07-22T15:05:57","date_gmt":"2024-07-22T15:05:57","guid":{"rendered":"https:\/\/neutrale.al\/?p=80245"},"modified":"2024-07-22T15:05:57","modified_gmt":"2024-07-22T15:05:57","slug":"lutfi-dervishi-moti-sot-dhe-parashikimi-per-neser","status":"publish","type":"post","link":"https:\/\/neutrale.al\/index.php\/2024\/07\/22\/lutfi-dervishi-moti-sot-dhe-parashikimi-per-neser\/","title":{"rendered":"Lutfi Dervishi\/ Moti sot dhe parashikimi p\u00ebr nes\u00ebr"},"content":{"rendered":"<p>Mbi vendin ton\u00eb do vijojn\u00eb t\u00eb mbizot\u00ebrojn\u00eb temperaturat e larta t\u00eb shoq\u00ebruara me shp\u00ebrthime t\u00eb \u00e7\u2019rregullta tritoli, nj\u00eb fenomen atmosferik q\u00eb disa meteorolog\u00eb lokal\u00eb e kan\u00eb pag\u00ebzuar \u201cmot i larjes hesapeve\u201d. <\/p>\n<p>Shp\u00ebrthimet do t\u00eb jen\u00eb t\u00eb p\u00ebrqendruara kryesisht n\u00eb zonat urbane, me intensitet t\u00eb lart\u00eb n\u00eb Fush\u00eb-Kruj\u00eb, Durr\u00ebs, Vlor\u00eb dhe Fier. Banor\u00ebt k\u00ebshillohen t\u00eb mbajn\u00eb me vete jelek antiplumb dhe maska kundergazi.<\/p>\n<p>Makina t\u00eb djegura do t\u00eb gjenden n\u00eb periferi t\u00eb k\u00ebtyre zonave, duke krijuar at\u00eb q\u00eb parashikuesit e motit e quajn\u00eb \u201cstuhia e veturave\u201d. Policia do t\u00eb kap\u00eb viktimat dhe pas nj\u00eb kontrolli t\u00eb imt\u00ebsish\u00ebm do t\u00eb konstatoj\u00eb se kufomat nuk kan\u00eb para n\u00eb xhep dhe nuk kan\u00eb humbur asgj\u00eb tjet\u00ebr ve\u00e7 jet\u00ebs. <\/p>\n<p>Zjarret do t\u00eb jen\u00eb t\u00eb p\u00ebrqendruara n\u00eb lart\u00ebsit\u00eb mbi 500 metra mbi nivelin e detit, duke ofruar nj\u00eb panoram\u00eb spektakolare p\u00ebr turist\u00ebt me prirje masokiste.<\/p>\n<p>Avion\u00eb nga Greqia, Italia dhe Turqia do t\u00eb fluturojn\u00eb mbi vatrat e zjarrit n\u00eb Macukull, Himar\u00eb, Llogara dhe Gjallic\u00eb. N\u00eb nj\u00eb p\u00ebrpjekje heroike p\u00ebr t\u00eb shp\u00ebtuar at\u00eb q\u00eb s\u2019mund t\u00eb shp\u00ebtohet, uniformat ushtarake do t\u00eb luftojn\u00eb flak\u00ebt me thupra, duke dh\u00ebn\u00eb nj\u00eb shfaqje t\u00eb shk\u00eblqyer p\u00ebr audienc\u00ebn nd\u00ebrkomb\u00ebtare.<\/p>\n<p>Zjarret n\u00eb koshat e plehrave do t\u00eb veteshuhen, nd\u00ebrsa tymi dhe era do t\u00eb rrisin presionin atmosferik pran\u00eb qendrave t\u00eb banuara, duke sjell\u00eb at\u00eb q\u00eb meteorolog\u00ebt e quajn\u00eb \u201csindromi i saun\u00ebs urbane\u201d.<\/p>\n<p>Era (e gropave septike) do t\u00eb fryj\u00eb leht\u00eb n\u00eb ult\u00ebsir\u00ebn per\u00ebndimore dhe jugore, duke sjell\u00eb nj\u00eb freski dhe arom\u00eb t\u00eb ve\u00e7ant\u00eb p\u00ebr banor\u00ebt dhe turist\u00ebt sezonal.<\/p>\n<p>P\u00ebr shkak t\u00eb shpejt\u00ebsis\u00eb pritet  rritje graduale e numrit t\u00eb aksidenteve e shoq\u00ebria me rritje t\u00eb shpejt\u00eb t\u00eb postimeve t\u00eb ministris\u00eb s\u00eb Brendshme n\u00eb rrjetet sociale. Kujdes, ndjek\u00ebsit n\u00eb Instagram t\u00eb Ministris\u00eb s\u00eb Brendshme mund t\u00eb p\u00ebrjetojn\u00eb \u201cgoditje emocionale\u201d.<\/p>\n<p>Shp\u00ebrndarja e ujit p\u00ebr turist\u00ebt do t\u00eb vijoj\u00eb rregullisht kryesisht n\u00eb pikat kufitare t\u00eb ult\u00ebsir\u00ebs per\u00ebndimore dhe n\u00eb aeroportin N\u00ebn\u00eb Tereza. <\/p>\n<p>Euro do t\u00eb p\u00ebsoj\u00eb tronditje t\u00eb forta, ve\u00e7an\u00ebrisht n\u00eb jav\u00ebn e par\u00eb t\u00eb muajit gusht, si rezultat i prurjeve t\u00eb bollshme me origjin\u00eb nga Veriu dhe Per\u00ebndimi i kontinentit ton\u00eb, duke krijuar nj\u00eb val\u00eb ekonomike t\u00eb ngjashme me cunamin financiar.<\/p>\n<p>Veprimtaria agjenturore me baz\u00eb n\u00eb Greqi, Serbi, Rusi, Kin\u00eb dhe Mal t\u00eb Zi do t\u00eb vijoj\u00eb me rritjen e \u00e7mimit t\u00eb shezlong\u00ebve, \u00e7adrave, dhomave, ushqimeve, dhe t\u00eb gjitha llojet e pijeve, me p\u00ebrjashtim t\u00eb fotoksin\u00ebs, e cila k\u00ebt\u00eb  jav\u00eb \u00ebsht\u00eb  n\u00eb ofert\u00eb<\/p>\n","protected":false},"excerpt":{"rendered":"<p>Mbi vendin ton\u00eb do vijojn\u00eb t\u00eb mbizot\u00ebrojn\u00eb temperaturat e larta t\u00eb shoq\u00ebruara me shp\u00ebrthime t\u00eb \u00e7\u2019rregullta tritoli, nj\u00eb fenomen atmosferik q\u00eb disa meteorolog\u00eb lokal\u00eb e kan\u00eb pag\u00ebzuar \u201cmot i larjes hesapeve\u201d. Shp\u00ebrthimet do t\u00eb jen\u00eb t\u00eb p\u00ebrqendruara kryesisht n\u00eb zonat urbane, me intensitet t\u00eb lart\u00eb n\u00eb Fush\u00eb-Kruj\u00eb, Durr\u00ebs, Vlor\u00eb dhe Fier. Banor\u00ebt k\u00ebshillohen t\u00eb mbajn\u00eb [&hellip;]<\/p>\n","protected":false},"author":2,"featured_media":80246,"comment_status":"open","ping_status":"open","sticky":false,"template":"","format":"standard","meta":{"footnotes":""},"categories":[1],"tags":[],"class_list":{"0":"post-80245","1":"post","2":"type-post","3":"status-publish","4":"format-standard","5":"has-post-thumbnail","7":"category-te-tjera"},"_links":{"self":[{"href":"https:\/\/neutrale.al\/index.php\/wp-json\/wp\/v2\/posts\/80245","targetHints":{"allow":["GET"]}}],"collection":[{"href":"https:\/\/neutrale.al\/index.php\/wp-json\/wp\/v2\/posts"}],"about":[{"href":"https:\/\/neutrale.al\/index.php\/wp-json\/wp\/v2\/types\/post"}],"author":[{"embeddable":true,"href":"https:\/\/neutrale.al\/index.php\/wp-json\/wp\/v2\/users\/2"}],"replies":[{"embeddable":true,"href":"https:\/\/neutrale.al\/index.php\/wp-json\/wp\/v2\/comments?post=80245"}],"version-history":[{"count":1,"href":"https:\/\/neutrale.al\/index.php\/wp-json\/wp\/v2\/posts\/80245\/revisions"}],"predecessor-version":[{"id":80247,"href":"https:\/\/neutrale.al\/index.php\/wp-json\/wp\/v2\/posts\/80245\/revisions\/80247"}],"wp:featuredmedia":[{"embeddable":true,"href":"https:\/\/neutrale.al\/index.php\/wp-json\/wp\/v2\/media\/80246"}],"wp:attachment":[{"href":"https:\/\/neutrale.al\/index.php\/wp-json\/wp\/v2\/media?parent=80245"}],"wp:term":[{"taxonomy":"category","embeddable":true,"href":"https:\/\/neutrale.al\/index.php\/wp-json\/wp\/v2\/categories?post=80245"},{"taxonomy":"post_tag","embeddable":true,"href":"https:\/\/neutrale.al\/index.php\/wp-json\/wp\/v2\/tags?post=80245"}],"curies":[{"name":"wp","href":"https:\/\/api.w.org\/{rel}","templated":true}]}}