{"id":79324,"date":"2024-06-24T09:47:09","date_gmt":"2024-06-24T09:47:09","guid":{"rendered":"https:\/\/neutrale.al\/?p=79324"},"modified":"2024-06-24T09:47:09","modified_gmt":"2024-06-24T09:47:09","slug":"unicef-shqiperia-ka-47-te-femijeve-ne-varferi-ushqimore-le-pas-vetem-taxhikistanin-ne-europen-dhe-azine-qendrore","status":"publish","type":"post","link":"https:\/\/neutrale.al\/index.php\/2024\/06\/24\/unicef-shqiperia-ka-47-te-femijeve-ne-varferi-ushqimore-le-pas-vetem-taxhikistanin-ne-europen-dhe-azine-qendrore\/","title":{"rendered":"UNICEF: Shqip\u00ebria ka 47% t\u00eb f\u00ebmij\u00ebve n\u00eb varf\u00ebri ushqimore, l\u00eb pas vet\u00ebm Taxhikistanin n\u00eb Europ\u00ebn dhe Azin\u00eb Qendrore"},"content":{"rendered":"<p>T\u00eb dh\u00ebnat e UNICIF p\u00ebr varf\u00ebrin\u00eb ushqimore t\u00eb f\u00ebmij\u00ebve n\u00eb Shqip\u00ebri jan\u00eb alarmante.<\/p>\n<p>Botimi i fundit \u201cVarf\u00ebria ushqimore n\u00eb f\u00ebmij\u00ebrin\u00eb e hershme\u201d tregon se Shqip\u00ebria ka 18% t\u00eb f\u00ebmij\u00ebve posht\u00eb 5 vje\u00e7 t\u00eb privuar r\u00ebnd\u00eb nga dieta ushqimore dhe 29% e f\u00ebmij\u00ebve jan\u00eb n\u00eb varf\u00ebri t\u00eb moderuar (Total 47%).<\/p>\n<p>UNICEF kategorizon si privim t\u00eb r\u00ebnd\u00eb ushqimor f\u00ebmij\u00ebt q\u00eb ushqehen me dy ose me pak lloje ushqimesh n\u00eb dit\u00eb, nd\u00ebrsa me varf\u00ebri t\u00eb moderuar ato q\u00eb ushqehen me m\u00eb pak se 4 lloje ushqimesh.<\/p>\n<p>Krahasimi global i UNICEF tregon se Shqip\u00ebria ka p\u00ebrqindjen m\u00eb t\u00eb lart\u00eb t\u00eb f\u00ebmij\u00ebve q\u00eb jetojn\u00eb n\u00eb varf\u00ebri n\u00eb Europ\u00eb dhe Azin\u00eb Qendrore, pas Taxhikistanit.<\/p>\n<p>N\u00eb renditjen globale, Shqip\u00ebria pozicionohet shum\u00eb keq me varf\u00ebrin\u00eb e f\u00ebmij\u00ebve, duke l\u00ebn\u00eb pas edhe vende q\u00eb kan\u00eb kaluar luft\u00ebra si Iraku dhe vende afrikane si Kenia, \u00c7adi, Ruanda etj.<\/p>\n<p>UNICEF vler\u00ebson se varf\u00ebria ushqimore d\u00ebmton t\u00eb gjith\u00eb f\u00ebmij\u00ebt, por \u00ebsht\u00eb ve\u00e7an\u00ebrisht e d\u00ebmshme n\u00eb f\u00ebmij\u00ebrin\u00eb e hershme, kur ushqimi i pamjaftuesh\u00ebm mund t\u00eb shkaktoj\u00eb d\u00ebme\u00a0 si n\u00eb rritjen fizike dhe n\u00eb aft\u00ebsit\u00eb e zhvillimit mendor. Pasojat mund t\u00eb zgjasin gjat\u00eb gjith\u00eb jet\u00ebs.<\/p>\n<p>F\u00ebmij\u00ebt e privuar nga ushqimi i mir\u00eb n\u00ebn mosh\u00ebn 5 vje\u00e7 m\u00ebsojn\u00eb m\u00eb pak n\u00eb shkoll\u00eb dhe kan\u00eb kapacitete m\u00eb t\u00eb ul\u00ebta t\u00eb produktivitetit n\u00eb mosh\u00ebn madhore, duke i futur ata dhe familjet e tyre n\u00eb nj\u00eb cik\u00ebl varf\u00ebrie t\u00eb vazhdueshme.<\/p>\n<p>UNICEF sqaroi se baza e t\u00eb dh\u00ebnave p\u00ebr ushqyerjen e foshnjave dhe f\u00ebmij\u00ebve t\u00eb vegj\u00ebl u krijua nga sondazhet e kryera n\u00eb 137 vende dhe territore dhe p\u00ebrfaq\u00ebsojn\u00eb m\u00eb shum\u00eb se 90 p\u00ebr qind t\u00eb gjith\u00eb f\u00ebmij\u00ebve n\u00eb rang global.<\/p>\n<p>Renditjen m\u00eb t\u00eb mir\u00eb n\u00eb vendet n\u00eb zhvillim dhe t\u00eb varfra e kishin Bjellorusia dhe Serbia, t\u00eb cilat kishin vet\u00ebm 1 dhe 2% secila t\u00eb f\u00ebmij\u00ebve n\u00eb privim t\u00eb r\u00ebnd\u00eb ushqimor.<\/p>\n<p>Varf\u00ebria ushqimore e f\u00ebmij\u00ebve matet duke p\u00ebrdorur diet\u00ebn e UNICEF-it dhe Organizat\u00ebs Bot\u00ebrore t\u00eb Sh\u00ebndet\u00ebsis\u00eb (OBSH). P\u00ebr t\u00eb p\u00ebrmbushur diversitetin minimal t\u00eb diet\u00ebs p\u00ebr rritje dhe zhvillim t\u00eb sh\u00ebndetsh\u00ebm, f\u00ebmij\u00ebt duhet t\u00eb konsumojn\u00eb pes\u00eb nga tet\u00eb grupet e p\u00ebrcaktuara ushqimore.<\/p>\n<p>Mes f\u00ebmij\u00ebve q\u00eb jetojn\u00eb n\u00eb varf\u00ebri t\u00eb r\u00ebnd\u00eb ushqimore, kat\u00ebr n\u00eb pes\u00eb f\u00ebmije ushqehen vet\u00ebm me qum\u00ebsht gjiri dhe\/ose produkte qum\u00ebshti dhe\/ose nj\u00eb l\u00ebnd\u00eb baz\u00eb niseshteje, si orizi, misri ose gruri.<\/p>\n<p>M\u00eb pak se 10% ushqehen me fruta dhe perime dhe m\u00eb pak se 5% ushqehen me vez\u00eb, ose mish, shpend\u00eb dhe peshku. Nd\u00ebrkoh\u00eb, ushqimet dhe pijet jo t\u00eb sh\u00ebndetshme konsumohen n\u00eb p\u00ebrqindje alarmante t\u00eb\u00a0 f\u00ebmij\u00ebve q\u00eb jetojn\u00eb n\u00eb varf\u00ebrin\u00eb e r\u00ebnd\u00eb t\u00eb ushqimore.<\/p>\n<p>Analiza e UNICEF identifikon si shtyt\u00ebs kryesor t\u00eb s\u00ebmundjeve t\u00eb r\u00ebnda varf\u00ebrin\u00eb ushqimore t\u00eb f\u00ebmij\u00ebve. Varf\u00ebria e r\u00ebnd\u00eb ushqimore e f\u00ebmij\u00ebve shkaktohet nga mjediset e varfra dhe praktikat e k\u00ebqija t\u00eb t\u00eb ushqyerit\/ <a href=\"https:\/\/www.monitor.al\/unicef-shqiperia-ka-47-te-femijeve-ne-varferi-ushqimore-le-pas-vetem-taxhikistanin-ne-europen-dhe-azine-qendrore\/?fbclid=IwZXh0bgNhZW0CMTEAAR0UYWSH0US-UhM7iEX6GrHEv9OfaTq6EdWWYQR0R6ytAfFc2sHs6YscWhM_aem_lgUXaIMQTdgVZMnBkDjAgg\">Monitor.al<\/a><\/p>\n<p><img loading=\"lazy\" loading=\"lazy\" decoding=\"async\" src=\"https:\/\/neutrale.al\/wp-content\/uploads\/2024\/06\/80671fed-0393-4b00-9379-51469030490f-218x300.jpeg\" alt=\"\" width=\"218\" height=\"300\" class=\"alignnone size-medium wp-image-79325\" srcset=\"https:\/\/neutrale.al\/wp-content\/uploads\/2024\/06\/80671fed-0393-4b00-9379-51469030490f-218x300.jpeg 218w, https:\/\/neutrale.al\/wp-content\/uploads\/2024\/06\/80671fed-0393-4b00-9379-51469030490f-746x1024.jpeg 746w, https:\/\/neutrale.al\/wp-content\/uploads\/2024\/06\/80671fed-0393-4b00-9379-51469030490f-768x1054.jpeg 768w, https:\/\/neutrale.al\/wp-content\/uploads\/2024\/06\/80671fed-0393-4b00-9379-51469030490f-860x1181.jpeg 860w, https:\/\/neutrale.al\/wp-content\/uploads\/2024\/06\/80671fed-0393-4b00-9379-51469030490f.jpeg 1075w\" sizes=\"auto, (max-width: 218px) 100vw, 218px\" \/><\/p>\n","protected":false},"excerpt":{"rendered":"<p>T\u00eb dh\u00ebnat e UNICIF p\u00ebr varf\u00ebrin\u00eb ushqimore t\u00eb f\u00ebmij\u00ebve n\u00eb Shqip\u00ebri jan\u00eb alarmante. Botimi i fundit \u201cVarf\u00ebria ushqimore n\u00eb f\u00ebmij\u00ebrin\u00eb e hershme\u201d tregon se Shqip\u00ebria ka 18% t\u00eb f\u00ebmij\u00ebve posht\u00eb 5 vje\u00e7 t\u00eb privuar r\u00ebnd\u00eb nga dieta ushqimore dhe 29% e f\u00ebmij\u00ebve jan\u00eb n\u00eb varf\u00ebri t\u00eb moderuar (Total 47%). UNICEF kategorizon si privim t\u00eb r\u00ebnd\u00eb [&hellip;]<\/p>\n","protected":false},"author":2,"featured_media":79326,"comment_status":"open","ping_status":"open","sticky":false,"template":"","format":"standard","meta":{"footnotes":""},"categories":[118],"tags":[],"class_list":{"0":"post-79324","1":"post","2":"type-post","3":"status-publish","4":"format-standard","5":"has-post-thumbnail","7":"category-kryesore"},"_links":{"self":[{"href":"https:\/\/neutrale.al\/index.php\/wp-json\/wp\/v2\/posts\/79324","targetHints":{"allow":["GET"]}}],"collection":[{"href":"https:\/\/neutrale.al\/index.php\/wp-json\/wp\/v2\/posts"}],"about":[{"href":"https:\/\/neutrale.al\/index.php\/wp-json\/wp\/v2\/types\/post"}],"author":[{"embeddable":true,"href":"https:\/\/neutrale.al\/index.php\/wp-json\/wp\/v2\/users\/2"}],"replies":[{"embeddable":true,"href":"https:\/\/neutrale.al\/index.php\/wp-json\/wp\/v2\/comments?post=79324"}],"version-history":[{"count":1,"href":"https:\/\/neutrale.al\/index.php\/wp-json\/wp\/v2\/posts\/79324\/revisions"}],"predecessor-version":[{"id":79327,"href":"https:\/\/neutrale.al\/index.php\/wp-json\/wp\/v2\/posts\/79324\/revisions\/79327"}],"wp:featuredmedia":[{"embeddable":true,"href":"https:\/\/neutrale.al\/index.php\/wp-json\/wp\/v2\/media\/79326"}],"wp:attachment":[{"href":"https:\/\/neutrale.al\/index.php\/wp-json\/wp\/v2\/media?parent=79324"}],"wp:term":[{"taxonomy":"category","embeddable":true,"href":"https:\/\/neutrale.al\/index.php\/wp-json\/wp\/v2\/categories?post=79324"},{"taxonomy":"post_tag","embeddable":true,"href":"https:\/\/neutrale.al\/index.php\/wp-json\/wp\/v2\/tags?post=79324"}],"curies":[{"name":"wp","href":"https:\/\/api.w.org\/{rel}","templated":true}]}}