{"id":7797,"date":"2022-07-04T08:29:00","date_gmt":"2022-07-04T08:29:00","guid":{"rendered":"https:\/\/neutrale.al\/?p=7797"},"modified":"2022-07-04T08:29:00","modified_gmt":"2022-07-04T08:29:00","slug":"fatmir-guda-reforma-territoriale-si-nevoje-per-qytetaret","status":"publish","type":"post","link":"https:\/\/neutrale.al\/index.php\/2022\/07\/04\/fatmir-guda-reforma-territoriale-si-nevoje-per-qytetaret\/","title":{"rendered":"Fatmir Guda\/ Reforma territoriale si nevoj\u00eb p\u00ebr qytetar\u00ebt !"},"content":{"rendered":"<p>Reforma territoriale dhe thelb\u00ebsisht rib\u00ebrja e hart\u00ebs s\u00eb bashkive mbetet prioritet dhe emergjence jo thjesht n\u00eb interes t\u00eb opozit\u00ebs politike n\u00eb vend, por para s\u00eb gjithash nj\u00eb nevoj\u00eb e ngutshme e \u00e7do qytetari p\u00ebr t\u00eb p\u00ebrfituar nj\u00eb qeverisje lokale sa m\u00eb cil\u00ebsore dhe sa m\u00eb af\u00ebr tij. Riv\u00ebnia e saj n\u00eb axhend\u00ebn parlamentare padyshim duhet par\u00eb si nj\u00eb mund\u00ebsi e art\u00eb p\u00ebr t\u00eb korrigjuar nj\u00eb sahat e m\u00eb par\u00eb parcelizimin me synime t\u00eb pastra elektorale q\u00eb ju b\u00eb m\u00eb 2014 territorit nga mazhoranca e at\u00ebhershme p\u00ebrfaq\u00ebsuar po prej kryeministrit t\u00eb sot\u00ebm.<br \/>\nFatkeq\u00ebsisht q\u00eb n\u00eb krye t\u00eb her\u00ebs, pa nisur mir\u00eb puna e komisionit p\u00ebrkat\u00ebs z\u00ebrat e ardhur nga eksponent\u00ebt drejtues t\u00eb mazhoranc\u00ebs s\u00eb Edi Ram\u00ebs po p\u00ebrpiqen t\u00eb intimidojn\u00eb \u00e7do p\u00ebrpjekje p\u00ebr t&#8217;i dh\u00ebn\u00eb k\u00ebsaj reforme at\u00eb q\u00eb ata ja mohuan 8 vite m\u00eb par\u00eb, marrjen e nj\u00eb konsensusi sa m\u00eb t\u00eb gjer\u00eb qytetar dhe politik, \u00e7&#8217;ka do ta b\u00ebnte at\u00eb nj\u00eb reform\u00eb sa m\u00eb afatgjat\u00eb dhe n\u00eb dobi t\u00eb demokracis\u00eb vendore.<br \/>\nKryetari i grupit parlamentar t\u00eb PS ka sjell\u00eb n\u00eb v\u00ebm\u00ebndjen e publikut q\u00ebndrimin politik t\u00eb shprehur disa her\u00eb prej shefit t\u00eb tij, p\u00ebr zvog\u00eblimin edhe m\u00eb t\u00eb numurit t\u00eb bashkive nga 61 t\u00eb tilla hartuar m\u00eb 2014.<br \/>\n\u00cbsht\u00eb e provuar tashm\u00eb q\u00eb ndarja aktuale e ka grumbulluar pushtetin vendor n\u00eb m\u00eb pak duar duke e centralizuar krejt\u00ebsisht \u00e7do vendimarrje n\u00ebn kontrrollin e plot\u00eb t\u00eb qeveris\u00eb dhe kryeministrit, gj\u00eb q\u00eb ka shkaktuar atrofizimin e autonomis\u00eb lokale dhe largimin edhe m\u00eb t\u00eb k\u00ebtij pushteti nga qytetari.<br \/>\nSigurisht q\u00eb shfaqja e nj\u00eb q\u00ebndrimi refraktar i p\u00ebrfaqsuesve t\u00eb shumic\u00ebs n\u00eb kuvend ndaj nevoj\u00ebs s\u00eb komuniteteteve dhe mendimit t\u00eb ekspert\u00ebve p\u00ebr ta zgjeruar edhe me disa bashki t\u00eb tjera hart\u00ebn territoriale konfirmon faktin se nisma p\u00ebr nd\u00ebrhyrjen n\u00eb reform\u00ebn n\u00eb fjal\u00eb p\u00ebrkundrejt vullnetit t\u00eb munguar t\u00eb partis\u00eb s\u00eb Edi Ram\u00ebs \u00ebsht\u00eb pranuar t\u00eb b\u00ebhet vet\u00ebm pas presionit edhe t\u00eb faktorit nd\u00ebrkomb\u00ebtar, kryesisht partner\u00ebve tan\u00eb strategjik\u00eb SHBA, t\u00eb cil\u00ebt imponuan ngritjen e komisionit parlamentar p\u00ebr hartimin n\u00ebp\u00ebrmjet p\u00ebrmir\u00ebsimit t\u00eb kuadrit ligjor dhe rindarjen administrative n\u00eb p\u00ebrputhje me nenin 108 t\u00eb Kushtetut\u00ebs duke pyetur qytetarin dhe respektuar traditat kulturore historike dhe ekonomike.<br \/>\nNuk e tep\u00ebroj aspak po t\u00eb them, se po t\u00eb ish n\u00eb d\u00ebshir\u00eb ekskluzive t\u00eb Edi Ram\u00ebs n\u00eb gjth\u00eb territorin e vendit atij do mjaftonin edhe 3, 2 apo 1 bashki gjith\u00ebsej, kryetarin e t\u00eb cilave t\u00eb mund ta zgjidhte me t\u00eb nj\u00ebjt\u00ebn skem\u00eb shit-blerje vote, si\u00e7 ka b\u00ebr\u00eb t\u00eb udh\u00ebs t\u00eb zgjedh\u00eb edhe veten e vet n\u00eb krye t\u00eb pun\u00ebve t\u00eb vendit. Por ja q\u00eb n\u00eb pozit\u00ebn ku ndodhet, kjo nuk duket t&#8217;i jet\u00eb hi\u00e7 m\u00eb nj\u00eb \u00e7\u00ebshtje t\u00ebresisht n\u00eb d\u00ebshir\u00ebn e vet, por nj\u00eb barr\u00eb e ngarkuar p\u00ebrgjegj\u00ebsie, p\u00ebr vijimin e s\u00eb cil\u00ebs do ket\u00eb dhe monitorimin edhe t\u00eb ngarkuesve t\u00eb barr\u00ebs.<br \/>\nPik\u00ebrisht edhe p\u00ebr k\u00ebt\u00eb arsye kjo situat\u00eb duhet par\u00eb nga gjith\u00eb faktori opozitar n\u00eb parlament si nj\u00eb oportunitet q\u00eb duhet shfryt\u00ebzuar n\u00eb maksimum dhe me efikasitet me q\u00ebllim v\u00ebnien n\u00eb pun\u00eb t\u00eb \u00e7do mekanizmi p\u00ebr t\u00eb vjel\u00eb edhe nj\u00ebher\u00eb si 8 vjet m\u00eb par\u00eb mendimet e qytetar\u00ebve n\u00eb \u00e7do skaj t\u00eb territorit, q\u00eb t\u00eb arrihet n\u00eb nj\u00eb produkt sa m\u00eb t\u00eb gjith\u00ebpranuar dhe konsensual p\u00ebr riformatimin e nj\u00eb qeverisje vendore produktive dhe autonome. Koha n\u00eb dispozicion t\u00eb komisionit parlamentar p\u00ebr reform\u00ebn territoriale nuk duket t\u00eb jet\u00eb me boll\u00ebk po t\u00eb kemi parasysh dhe mbylljen e sesionit kuvendor m\u00eb 31 Korrik, por n\u00ebse gjendet vullneti m\u00eb s\u00eb pari nga gjith\u00eb deputet\u00ebt e opozit\u00ebs p\u00ebr tu p\u00ebrfshir\u00eb n\u00eb konsultime me qytetar\u00ebt e t\u00eb 61 bashkive aktuale duke angazhuar edhe ekspert\u00ebt jo vet\u00ebm politik\u00eb, doemos q\u00eb piqet mir\u00eb e brenda afateve nj\u00eb ligj dhe hart\u00eb perfekte q\u00eb t\u00eb rezistoj\u00eb sa m\u00eb gjat\u00eb n\u00eb koh\u00eb.<br \/>\nOpozita m\u00eb s\u00eb pari nuk duhet t&#8217;i lejoj\u00eb Edi Ram\u00ebs asnj\u00eb sebep apo artific q\u00eb duke shfaqur atmosfer\u00ebn e p\u00ebr\u00e7arjes brenda saj t&#8217;i krijoj\u00eb atij mund\u00ebsin\u00eb p\u00ebr t&#8217;ja hedhur posht\u00eb draft-raportin p\u00ebrfundimtar si jo t\u00eb unifikuar. Ashtu sikund\u00ebr p\u00ebr \u00e7\u00ebshtje me karakter komb\u00ebtar n\u00eb jo pak projekt-rezoluta dhe projek-tligje \u00ebsht\u00eb gjendur fryma e bashkpunimit me kund\u00ebrshtarin politik, p\u00ebr hat\u00ebr t\u00eb qytetar\u00ebve q\u00eb vuajn\u00eb prej nj\u00eb reforme problematike dhe miratuar n\u00eb m\u00ebnyr\u00eb t\u00eb nj\u00ebanshme, nuk ka pse t\u00eb mos mund\u00ebsohet sikur vet\u00ebm p\u00ebr k\u00ebt\u00eb rast nj\u00eb q\u00ebndrim i p\u00ebrbashk\u00ebt n\u00eb kap\u00ebrcim t\u00eb konfliktit brenda t\u00eb djatht\u00ebs opozitare n\u00eb kuvend. Pa harruar q\u00eb si aleat m\u00eb t\u00eb madh kjo reform\u00eb duhet t\u00eb ket\u00eb qytetarin, t\u00eb cilit i do dh\u00ebn\u00eb mund\u00ebsia dhe hap\u00ebsira p\u00ebr ta shprehur interesin e vet sa i p\u00ebrket ndarjes s\u00eb territorit, sikund\u00ebr ekspertet t\u00eb shprehin eksperiencen m\u00eb t\u00eb mir\u00eb ndaj ligjit mbi autonomin\u00eb vendore.<br \/>\nDoemos q\u00eb fund t\u00eb pro\u00e7esit kjo reform\u00eb p\u00ebr tu miratuar do t\u00eb doj\u00eb vullnetin edhe t\u00eb mazhoranc\u00ebs, e cila n\u00eb mos e miratoft\u00eb do marr\u00eb kosto t\u00eb shtuar jo vet\u00ebm t\u00eb opinionit publik si grup interesi, por edhe t\u00eb partner\u00ebve tan\u00eb strategjik\u00eb q\u00eb jo m\u00eb kot e rikthyen at\u00eb n\u00eb axhend\u00ebn parlamentare.<br \/>\nDo ishte ndodhia m\u00eb e mir\u00eb p\u00ebr vendin q\u00eb vjeshta e k\u00ebtij viti ta gjente at\u00eb me nj\u00eb zhvillim pozitiv sa i p\u00ebrket rib\u00ebrjes s\u00eb reform\u00ebs territoriale n\u00eb m\u00ebnyr\u00eb konsensuale, \u00e7&#8217;ka do t\u00eb ish qartazi nj\u00eb sh\u00ebnj\u00eb e dukshme distancimi prej pushtetit autokratik q\u00eb ka z\u00ebn\u00eb fill kryesisht k\u00ebto 5-6 vitet e fundit.<\/p>\n","protected":false},"excerpt":{"rendered":"<p>Reforma territoriale dhe thelb\u00ebsisht rib\u00ebrja e hart\u00ebs s\u00eb bashkive mbetet prioritet dhe emergjence jo thjesht n\u00eb interes t\u00eb opozit\u00ebs politike n\u00eb vend, por para s\u00eb gjithash nj\u00eb nevoj\u00eb e ngutshme e \u00e7do qytetari p\u00ebr t\u00eb p\u00ebrfituar nj\u00eb qeverisje lokale sa m\u00eb cil\u00ebsore dhe sa m\u00eb af\u00ebr tij. Riv\u00ebnia e saj n\u00eb axhend\u00ebn parlamentare padyshim duhet [&hellip;]<\/p>\n","protected":false},"author":2,"featured_media":7798,"comment_status":"open","ping_status":"open","sticky":false,"template":"","format":"standard","meta":{"footnotes":""},"categories":[2],"tags":[],"class_list":{"0":"post-7797","1":"post","2":"type-post","3":"status-publish","4":"format-standard","5":"has-post-thumbnail","7":"category-opinione"},"_links":{"self":[{"href":"https:\/\/neutrale.al\/index.php\/wp-json\/wp\/v2\/posts\/7797","targetHints":{"allow":["GET"]}}],"collection":[{"href":"https:\/\/neutrale.al\/index.php\/wp-json\/wp\/v2\/posts"}],"about":[{"href":"https:\/\/neutrale.al\/index.php\/wp-json\/wp\/v2\/types\/post"}],"author":[{"embeddable":true,"href":"https:\/\/neutrale.al\/index.php\/wp-json\/wp\/v2\/users\/2"}],"replies":[{"embeddable":true,"href":"https:\/\/neutrale.al\/index.php\/wp-json\/wp\/v2\/comments?post=7797"}],"version-history":[{"count":1,"href":"https:\/\/neutrale.al\/index.php\/wp-json\/wp\/v2\/posts\/7797\/revisions"}],"predecessor-version":[{"id":7799,"href":"https:\/\/neutrale.al\/index.php\/wp-json\/wp\/v2\/posts\/7797\/revisions\/7799"}],"wp:featuredmedia":[{"embeddable":true,"href":"https:\/\/neutrale.al\/index.php\/wp-json\/wp\/v2\/media\/7798"}],"wp:attachment":[{"href":"https:\/\/neutrale.al\/index.php\/wp-json\/wp\/v2\/media?parent=7797"}],"wp:term":[{"taxonomy":"category","embeddable":true,"href":"https:\/\/neutrale.al\/index.php\/wp-json\/wp\/v2\/categories?post=7797"},{"taxonomy":"post_tag","embeddable":true,"href":"https:\/\/neutrale.al\/index.php\/wp-json\/wp\/v2\/tags?post=7797"}],"curies":[{"name":"wp","href":"https:\/\/api.w.org\/{rel}","templated":true}]}}